{"id":116,"date":"2023-04-16T23:11:35","date_gmt":"2023-04-16T23:11:35","guid":{"rendered":"https:\/\/recetasconencanto.com\/?p=116"},"modified":"2023-04-16T23:11:35","modified_gmt":"2023-04-16T23:11:35","slug":"mi-tarta-de-queso-y-nueces","status":"publish","type":"post","link":"https:\/\/recetasconencanto.com\/index.php\/2023\/04\/16\/mi-tarta-de-queso-y-nueces\/","title":{"rendered":"Mi tarta de queso y nueces"},"content":{"rendered":"<div>\n<p>La tarta de queso con tarta de nueces es un postre rico e indulgente que combina dos postres cl\u00e1sicos en una delicia. La corteza de galleta graham proporciona una base crujiente para la capa de tarta de queso cremosa y \u00e1cida, mientras que la capa de tarta de nueces a\u00f1ade un sabor dulce y a nuez. Este postre se puede personalizar utilizando diferentes frutos secos como nueces o almendras. \u00a1Disfrute de esta decadente tarta de queso con tarta de nueces!<\/p>\n<p><strong>Ingredientes:<\/strong><\/p>\n<ul>\n<li>1 1\/2 tazas de migas de galletas graham<\/li>\n<li>1\/4 taza de az\u00facar granulada<\/li>\n<li>1\/2 taza de mantequilla sin sal, derretida<\/li>\n<li>3 paquetes (8 onzas cada uno) de queso crema, ablandado<\/li>\n<li>1 taza de az\u00facar granulada<\/li>\n<li>1 cucharadita de extracto de vainilla<\/li>\n<li>4 huevos<\/li>\n<li>1\/2 taza de crema espesa<\/li>\n<li>1 taza de pacanas, picadas<\/li>\n<li>1\/2 taza de sirope de ma\u00edz oscuro<\/li>\n<li>2 cucharadas de mantequilla sin sal, derretida<\/li>\n<li>1 cucharadita de extracto de vainilla<\/li>\n<li>1\/4 cucharadita de sal<\/li>\n<\/ul>\n<p><strong>Tiempo de preparaci\u00f3n:<\/strong> 20 minutos Tiempo de horneado: 50-60 minutos Tiempo de enfriamiento: 2 horas.<\/p>\n<p><strong>Ficha nutricional:<\/strong> Porci\u00f3n: 1 rebanada (1\/12 de la receta) Calor\u00edas: 611 Grasa total: 46g Grasa saturada: 23g Colesterol: 173mg Sodio: 395mg Carbohidratos totales: 43g Fibra diet\u00e9tica: 1g Az\u00facares: 35g Prote\u00ednas: 8g<\/p>\n<p><strong>Instrucciones:<\/strong><\/p>\n<ol>\n<li>Precaliente el horno a 165\u00b0C (325\u00b0F).<\/li>\n<li>En un bol, mezcle las migas de galleta graham, 1\/4 taza de az\u00facar granulada y la mantequilla sin sal derretida. Remover bien para combinar.<\/li>\n<li>Presionar la mezcla de galletas graham en el fondo de un molde desmontable de 9 pulgadas. Utilice la parte posterior de una cuchara para alisar la mezcla y conseguir una capa uniforme.<\/li>\n<li>En otro bol, bata el queso crema ablandado hasta que est\u00e9 suave y cremoso.<\/li>\n<li>Agregue 1 taza de az\u00facar granulada y 1 cucharadita de extracto de vainilla al queso crema y bata hasta que est\u00e9n bien combinados.<\/li>\n<li>Agregue los huevos de uno en uno, batiendo bien despu\u00e9s de cada adici\u00f3n.<\/li>\n<li>Vierta la nata espesa en el bol y bata hasta que est\u00e9 bien mezclado.<\/li>\n<li>Vierta la mezcla de queso crema sobre la corteza de galletas graham en el molde desmontable.<\/li>\n<li>En otro bol, mezcle las pacanas picadas, el sirope de ma\u00edz oscuro, la mantequilla derretida sin sal, 1 cucharadita de extracto de vainilla y 1\/4 de cucharadita de sal. Remover bien para combinar.<\/li>\n<li>Verter la mezcla de pacanas sobre la mezcla de queso crema en el molde desmontable.<\/li>\n<li>Hornear la Tarta de Queso con Pecan Pie durante 50-60 minutos o hasta que la tarta de queso est\u00e9 cuajada pero todav\u00eda ligeramente movida en el centro.<\/li>\n<li>Deje que la tarta de queso se enfr\u00ede por completo antes de enfriarla en el frigor\u00edfico durante al menos 2 horas.<\/li>\n<li>Corte la tarta de queso y tarta de nueces en porciones y s\u00edrvala.<\/li>\n<\/ol>\n<\/div>\n<div>\n<p>La tarta de queso y tarta de nueces est\u00e1 lista para servir.<\/p>\n<\/div>\n","protected":false},"excerpt":{"rendered":"<p>La tarta de queso con tarta de nueces es un postre rico e indulgente que combina dos postres cl\u00e1sicos en una delicia. La corteza de galleta graham proporciona una base &#8230; <\/p>\n<p class=\"read-more-container\"><a title=\"Mi tarta de queso y nueces\" class=\"read-more button\" href=\"https:\/\/recetasconencanto.com\/index.php\/2023\/04\/16\/mi-tarta-de-queso-y-nueces\/#more-116\" aria-label=\"More on Mi tarta de queso y nueces\">Seguir leyendo<\/a><\/p>\n","protected":false},"author":2,"featured_media":118,"comment_status":"closed","ping_status":"closed","sticky":false,"template":"","format":"standard","meta":{"footnotes":""},"categories":[1],"tags":[],"class_list":["post-116","post","type-post","status-publish","format-standard","has-post-thumbnail","hentry","category-recetas","generate-columns","tablet-grid-50","mobile-grid-100","grid-parent","grid-50","no-featured-image-padding"],"yoast_head":"<!-- This site is optimized with the Yoast SEO Premium plugin v20.5 (Yoast SEO v27.5) - https:\/\/yoast.com\/product\/yoast-seo-premium-wordpress\/ -->\n<title>Mi tarta de queso y nueces - recetas con encanto<\/title>\n<meta name=\"robots\" content=\"index, follow, max-snippet:-1, max-image-preview:large, max-video-preview:-1\" \/>\n<link rel=\"canonical\" href=\"https:\/\/recetasconencanto.com\/index.php\/2023\/04\/16\/mi-tarta-de-queso-y-nueces\/\" \/>\n<meta property=\"og:locale\" content=\"en_US\" \/>\n<meta property=\"og:type\" content=\"article\" \/>\n<meta property=\"og:title\" content=\"Mi tarta de queso y nueces\" \/>\n<meta property=\"og:description\" content=\"La tarta de queso con tarta de nueces es un postre rico e indulgente que combina dos postres cl\u00e1sicos en una delicia. La corteza de galleta graham proporciona una base ... Seguir leyendo\" \/>\n<meta property=\"og:url\" content=\"https:\/\/recetasconencanto.com\/index.php\/2023\/04\/16\/mi-tarta-de-queso-y-nueces\/\" \/>\n<meta property=\"og:site_name\" content=\"recetas con encanto\" \/>\n<meta property=\"article:published_time\" content=\"2023-04-16T23:11:35+00:00\" \/>\n<meta property=\"og:image\" content=\"https:\/\/recetasconencanto.com\/wp-content\/uploads\/2023\/04\/7.jpg\" \/>\n\t<meta property=\"og:image:width\" content=\"526\" \/>\n\t<meta property=\"og:image:height\" content=\"715\" \/>\n\t<meta property=\"og:image:type\" content=\"image\/jpeg\" \/>\n<meta name=\"author\" content=\"maner\" \/>\n<meta name=\"twitter:card\" content=\"summary_large_image\" \/>\n<meta name=\"twitter:label1\" content=\"Written by\" \/>\n\t<meta name=\"twitter:data1\" content=\"maner\" \/>\n\t<meta name=\"twitter:label2\" content=\"Est. reading time\" \/>\n\t<meta name=\"twitter:data2\" content=\"2 minutes\" \/>\n<script type=\"application\/ld+json\" class=\"yoast-schema-graph\">{\"@context\":\"https:\\\/\\\/schema.org\",\"@graph\":[{\"@type\":\"Article\",\"@id\":\"https:\\\/\\\/recetasconencanto.com\\\/index.php\\\/2023\\\/04\\\/16\\\/mi-tarta-de-queso-y-nueces\\\/#article\",\"isPartOf\":{\"@id\":\"https:\\\/\\\/recetasconencanto.com\\\/index.php\\\/2023\\\/04\\\/16\\\/mi-tarta-de-queso-y-nueces\\\/\"},\"author\":{\"name\":\"maner\",\"@id\":\"https:\\\/\\\/recetasconencanto.com\\\/#\\\/schema\\\/person\\\/cc0604943b6ae325f196a6dd57e8acf5\"},\"headline\":\"Mi tarta de queso y nueces\",\"datePublished\":\"2023-04-16T23:11:35+00:00\",\"mainEntityOfPage\":{\"@id\":\"https:\\\/\\\/recetasconencanto.com\\\/index.php\\\/2023\\\/04\\\/16\\\/mi-tarta-de-queso-y-nueces\\\/\"},\"wordCount\":468,\"publisher\":{\"@id\":\"https:\\\/\\\/recetasconencanto.com\\\/#organization\"},\"image\":{\"@id\":\"https:\\\/\\\/recetasconencanto.com\\\/index.php\\\/2023\\\/04\\\/16\\\/mi-tarta-de-queso-y-nueces\\\/#primaryimage\"},\"thumbnailUrl\":\"https:\\\/\\\/recetasconencanto.com\\\/wp-content\\\/uploads\\\/2023\\\/04\\\/7.jpg\",\"articleSection\":[\"recetas\"],\"inLanguage\":\"en-US\"},{\"@type\":\"WebPage\",\"@id\":\"https:\\\/\\\/recetasconencanto.com\\\/index.php\\\/2023\\\/04\\\/16\\\/mi-tarta-de-queso-y-nueces\\\/\",\"url\":\"https:\\\/\\\/recetasconencanto.com\\\/index.php\\\/2023\\\/04\\\/16\\\/mi-tarta-de-queso-y-nueces\\\/\",\"name\":\"Mi tarta de queso y nueces - recetas con encanto\",\"isPartOf\":{\"@id\":\"https:\\\/\\\/recetasconencanto.com\\\/#website\"},\"primaryImageOfPage\":{\"@id\":\"https:\\\/\\\/recetasconencanto.com\\\/index.php\\\/2023\\\/04\\\/16\\\/mi-tarta-de-queso-y-nueces\\\/#primaryimage\"},\"image\":{\"@id\":\"https:\\\/\\\/recetasconencanto.com\\\/index.php\\\/2023\\\/04\\\/16\\\/mi-tarta-de-queso-y-nueces\\\/#primaryimage\"},\"thumbnailUrl\":\"https:\\\/\\\/recetasconencanto.com\\\/wp-content\\\/uploads\\\/2023\\\/04\\\/7.jpg\",\"datePublished\":\"2023-04-16T23:11:35+00:00\",\"breadcrumb\":{\"@id\":\"https:\\\/\\\/recetasconencanto.com\\\/index.php\\\/2023\\\/04\\\/16\\\/mi-tarta-de-queso-y-nueces\\\/#breadcrumb\"},\"inLanguage\":\"en-US\",\"potentialAction\":[{\"@type\":\"ReadAction\",\"target\":[\"https:\\\/\\\/recetasconencanto.com\\\/index.php\\\/2023\\\/04\\\/16\\\/mi-tarta-de-queso-y-nueces\\\/\"]}]},{\"@type\":\"ImageObject\",\"inLanguage\":\"en-US\",\"@id\":\"https:\\\/\\\/recetasconencanto.com\\\/index.php\\\/2023\\\/04\\\/16\\\/mi-tarta-de-queso-y-nueces\\\/#primaryimage\",\"url\":\"https:\\\/\\\/recetasconencanto.com\\\/wp-content\\\/uploads\\\/2023\\\/04\\\/7.jpg\",\"contentUrl\":\"https:\\\/\\\/recetasconencanto.com\\\/wp-content\\\/uploads\\\/2023\\\/04\\\/7.jpg\",\"width\":526,\"height\":715},{\"@type\":\"BreadcrumbList\",\"@id\":\"https:\\\/\\\/recetasconencanto.com\\\/index.php\\\/2023\\\/04\\\/16\\\/mi-tarta-de-queso-y-nueces\\\/#breadcrumb\",\"itemListElement\":[{\"@type\":\"ListItem\",\"position\":1,\"name\":\"Home\",\"item\":\"https:\\\/\\\/recetasconencanto.com\\\/\"},{\"@type\":\"ListItem\",\"position\":2,\"name\":\"Mi tarta de queso y nueces\"}]},{\"@type\":\"WebSite\",\"@id\":\"https:\\\/\\\/recetasconencanto.com\\\/#website\",\"url\":\"https:\\\/\\\/recetasconencanto.com\\\/\",\"name\":\"recetas con encanto\",\"description\":\"\",\"publisher\":{\"@id\":\"https:\\\/\\\/recetasconencanto.com\\\/#organization\"},\"potentialAction\":[{\"@type\":\"SearchAction\",\"target\":{\"@type\":\"EntryPoint\",\"urlTemplate\":\"https:\\\/\\\/recetasconencanto.com\\\/?s={search_term_string}\"},\"query-input\":{\"@type\":\"PropertyValueSpecification\",\"valueRequired\":true,\"valueName\":\"search_term_string\"}}],\"inLanguage\":\"en-US\"},{\"@type\":\"Organization\",\"@id\":\"https:\\\/\\\/recetasconencanto.com\\\/#organization\",\"name\":\"recetas con encanto\",\"url\":\"https:\\\/\\\/recetasconencanto.com\\\/\",\"logo\":{\"@type\":\"ImageObject\",\"inLanguage\":\"en-US\",\"@id\":\"https:\\\/\\\/recetasconencanto.com\\\/#\\\/schema\\\/logo\\\/image\\\/\",\"url\":\"https:\\\/\\\/recetasconencanto.com\\\/wp-content\\\/uploads\\\/2023\\\/12\\\/d5.png\",\"contentUrl\":\"https:\\\/\\\/recetasconencanto.com\\\/wp-content\\\/uploads\\\/2023\\\/12\\\/d5.png\",\"width\":500,\"height\":500,\"caption\":\"recetas con encanto\"},\"image\":{\"@id\":\"https:\\\/\\\/recetasconencanto.com\\\/#\\\/schema\\\/logo\\\/image\\\/\"}},{\"@type\":\"Person\",\"@id\":\"https:\\\/\\\/recetasconencanto.com\\\/#\\\/schema\\\/person\\\/cc0604943b6ae325f196a6dd57e8acf5\",\"name\":\"maner\",\"url\":\"https:\\\/\\\/recetasconencanto.com\\\/index.php\\\/author\\\/maner\\\/\"}]}<\/script>\n<!-- \/ Yoast SEO Premium plugin. -->","yoast_head_json":{"title":"Mi tarta de queso y nueces - recetas con encanto","robots":{"index":"index","follow":"follow","max-snippet":"max-snippet:-1","max-image-preview":"max-image-preview:large","max-video-preview":"max-video-preview:-1"},"canonical":"https:\/\/recetasconencanto.com\/index.php\/2023\/04\/16\/mi-tarta-de-queso-y-nueces\/","og_locale":"en_US","og_type":"article","og_title":"Mi tarta de queso y nueces","og_description":"La tarta de queso con tarta de nueces es un postre rico e indulgente que combina dos postres cl\u00e1sicos en una delicia. La corteza de galleta graham proporciona una base ... Seguir leyendo","og_url":"https:\/\/recetasconencanto.com\/index.php\/2023\/04\/16\/mi-tarta-de-queso-y-nueces\/","og_site_name":"recetas con encanto","article_published_time":"2023-04-16T23:11:35+00:00","og_image":[{"width":526,"height":715,"url":"https:\/\/recetasconencanto.com\/wp-content\/uploads\/2023\/04\/7.jpg","type":"image\/jpeg"}],"author":"maner","twitter_card":"summary_large_image","twitter_misc":{"Written by":"maner","Est. reading time":"2 minutes"},"schema":{"@context":"https:\/\/schema.org","@graph":[{"@type":"Article","@id":"https:\/\/recetasconencanto.com\/index.php\/2023\/04\/16\/mi-tarta-de-queso-y-nueces\/#article","isPartOf":{"@id":"https:\/\/recetasconencanto.com\/index.php\/2023\/04\/16\/mi-tarta-de-queso-y-nueces\/"},"author":{"name":"maner","@id":"https:\/\/recetasconencanto.com\/#\/schema\/person\/cc0604943b6ae325f196a6dd57e8acf5"},"headline":"Mi tarta de queso y nueces","datePublished":"2023-04-16T23:11:35+00:00","mainEntityOfPage":{"@id":"https:\/\/recetasconencanto.com\/index.php\/2023\/04\/16\/mi-tarta-de-queso-y-nueces\/"},"wordCount":468,"publisher":{"@id":"https:\/\/recetasconencanto.com\/#organization"},"image":{"@id":"https:\/\/recetasconencanto.com\/index.php\/2023\/04\/16\/mi-tarta-de-queso-y-nueces\/#primaryimage"},"thumbnailUrl":"https:\/\/recetasconencanto.com\/wp-content\/uploads\/2023\/04\/7.jpg","articleSection":["recetas"],"inLanguage":"en-US"},{"@type":"WebPage","@id":"https:\/\/recetasconencanto.com\/index.php\/2023\/04\/16\/mi-tarta-de-queso-y-nueces\/","url":"https:\/\/recetasconencanto.com\/index.php\/2023\/04\/16\/mi-tarta-de-queso-y-nueces\/","name":"Mi tarta de queso y nueces - recetas con encanto","isPartOf":{"@id":"https:\/\/recetasconencanto.com\/#website"},"primaryImageOfPage":{"@id":"https:\/\/recetasconencanto.com\/index.php\/2023\/04\/16\/mi-tarta-de-queso-y-nueces\/#primaryimage"},"image":{"@id":"https:\/\/recetasconencanto.com\/index.php\/2023\/04\/16\/mi-tarta-de-queso-y-nueces\/#primaryimage"},"thumbnailUrl":"https:\/\/recetasconencanto.com\/wp-content\/uploads\/2023\/04\/7.jpg","datePublished":"2023-04-16T23:11:35+00:00","breadcrumb":{"@id":"https:\/\/recetasconencanto.com\/index.php\/2023\/04\/16\/mi-tarta-de-queso-y-nueces\/#breadcrumb"},"inLanguage":"en-US","potentialAction":[{"@type":"ReadAction","target":["https:\/\/recetasconencanto.com\/index.php\/2023\/04\/16\/mi-tarta-de-queso-y-nueces\/"]}]},{"@type":"ImageObject","inLanguage":"en-US","@id":"https:\/\/recetasconencanto.com\/index.php\/2023\/04\/16\/mi-tarta-de-queso-y-nueces\/#primaryimage","url":"https:\/\/recetasconencanto.com\/wp-content\/uploads\/2023\/04\/7.jpg","contentUrl":"https:\/\/recetasconencanto.com\/wp-content\/uploads\/2023\/04\/7.jpg","width":526,"height":715},{"@type":"BreadcrumbList","@id":"https:\/\/recetasconencanto.com\/index.php\/2023\/04\/16\/mi-tarta-de-queso-y-nueces\/#breadcrumb","itemListElement":[{"@type":"ListItem","position":1,"name":"Home","item":"https:\/\/recetasconencanto.com\/"},{"@type":"ListItem","position":2,"name":"Mi tarta de queso y nueces"}]},{"@type":"WebSite","@id":"https:\/\/recetasconencanto.com\/#website","url":"https:\/\/recetasconencanto.com\/","name":"recetas con encanto","description":"","publisher":{"@id":"https:\/\/recetasconencanto.com\/#organization"},"potentialAction":[{"@type":"SearchAction","target":{"@type":"EntryPoint","urlTemplate":"https:\/\/recetasconencanto.com\/?s={search_term_string}"},"query-input":{"@type":"PropertyValueSpecification","valueRequired":true,"valueName":"search_term_string"}}],"inLanguage":"en-US"},{"@type":"Organization","@id":"https:\/\/recetasconencanto.com\/#organization","name":"recetas con encanto","url":"https:\/\/recetasconencanto.com\/","logo":{"@type":"ImageObject","inLanguage":"en-US","@id":"https:\/\/recetasconencanto.com\/#\/schema\/logo\/image\/","url":"https:\/\/recetasconencanto.com\/wp-content\/uploads\/2023\/12\/d5.png","contentUrl":"https:\/\/recetasconencanto.com\/wp-content\/uploads\/2023\/12\/d5.png","width":500,"height":500,"caption":"recetas con encanto"},"image":{"@id":"https:\/\/recetasconencanto.com\/#\/schema\/logo\/image\/"}},{"@type":"Person","@id":"https:\/\/recetasconencanto.com\/#\/schema\/person\/cc0604943b6ae325f196a6dd57e8acf5","name":"maner","url":"https:\/\/recetasconencanto.com\/index.php\/author\/maner\/"}]}},"_links":{"self":[{"href":"https:\/\/recetasconencanto.com\/index.php\/wp-json\/wp\/v2\/posts\/116","targetHints":{"allow":["GET"]}}],"collection":[{"href":"https:\/\/recetasconencanto.com\/index.php\/wp-json\/wp\/v2\/posts"}],"about":[{"href":"https:\/\/recetasconencanto.com\/index.php\/wp-json\/wp\/v2\/types\/post"}],"author":[{"embeddable":true,"href":"https:\/\/recetasconencanto.com\/index.php\/wp-json\/wp\/v2\/users\/2"}],"replies":[{"embeddable":true,"href":"https:\/\/recetasconencanto.com\/index.php\/wp-json\/wp\/v2\/comments?post=116"}],"version-history":[{"count":0,"href":"https:\/\/recetasconencanto.com\/index.php\/wp-json\/wp\/v2\/posts\/116\/revisions"}],"wp:featuredmedia":[{"embeddable":true,"href":"https:\/\/recetasconencanto.com\/index.php\/wp-json\/wp\/v2\/media\/118"}],"wp:attachment":[{"href":"https:\/\/recetasconencanto.com\/index.php\/wp-json\/wp\/v2\/media?parent=116"}],"wp:term":[{"taxonomy":"category","embeddable":true,"href":"https:\/\/recetasconencanto.com\/index.php\/wp-json\/wp\/v2\/categories?post=116"},{"taxonomy":"post_tag","embeddable":true,"href":"https:\/\/recetasconencanto.com\/index.php\/wp-json\/wp\/v2\/tags?post=116"}],"curies":[{"name":"wp","href":"https:\/\/api.w.org\/{rel}","templated":true}]}}