{"id":13067,"date":"2024-03-19T02:48:25","date_gmt":"2024-03-19T02:48:25","guid":{"rendered":"https:\/\/recetasconencanto.com\/?p=13067"},"modified":"2024-03-19T02:48:27","modified_gmt":"2024-03-19T02:48:27","slug":"sabes-por-que-se-ensartan-clavos-de-olor-en-una-cebolla-cortada-es-la-razon-principal-por-la-que-no-toso-en-todo-el-invierno","status":"publish","type":"post","link":"https:\/\/recetasconencanto.com\/index.php\/2024\/03\/19\/sabes-por-que-se-ensartan-clavos-de-olor-en-una-cebolla-cortada-es-la-razon-principal-por-la-que-no-toso-en-todo-el-invierno\/","title":{"rendered":"\u00bfSabes por qu\u00e9 se ensartan clavos de olor en una cebolla cortada? \u00a1Es la RAZ\u00d3N principal por la que no toso en todo el invierno!"},"content":{"rendered":"\n<p>La combinaci\u00f3n de cebolla y clavos de olor no solo es \u00fatil en la cocina, sino que tambi\u00e9n puede servir como un remedio natural para mantener alejados a los insectos no deseados de tu hogar. Esta t\u00e9cnica ha sido utilizada durante siglos en diversas culturas para repeler insectos molestos como moscas, mosquitos y otros insectos voladores.<\/p>\n\n\n\n<figure class=\"wp-block-image size-full\"><img loading=\"lazy\" decoding=\"async\" width=\"750\" height=\"500\" src=\"https:\/\/recetasconencanto.com\/wp-content\/uploads\/2024\/03\/image-15-48.jpg\" alt=\"\" class=\"wp-image-13070\" srcset=\"https:\/\/recetasconencanto.com\/wp-content\/uploads\/2024\/03\/image-15-48.jpg 750w, https:\/\/recetasconencanto.com\/wp-content\/uploads\/2024\/03\/image-15-48-300x200.jpg 300w\" sizes=\"auto, (max-width: 750px) 100vw, 750px\" \/><\/figure>\n\n\n\n<p><strong>Beneficios de la Cebolla y los Clavos de Olor:<\/strong><\/p>\n\n\n\n<ul class=\"wp-block-list\">\n<li>La cebolla es conocida por sus propiedades repelentes de insectos debido a sus compuestos sulfurosos y aceites esenciales.<\/li>\n\n\n\n<li>Los clavos de olor contienen eugenol, un compuesto que repele a los insectos y tiene propiedades antis\u00e9pticas y antiinflamatorias.<\/li>\n<\/ul>\n\n\n\n<p><strong>C\u00f3mo Preparar el Repelente:<\/strong><\/p>\n\n\n\n<ol class=\"wp-block-list\">\n<li>Corta una cebolla por la mitad.<\/li>\n\n\n\n<li>Inserta varios clavos de olor en la pulpa expuesta de la cebolla.<\/li>\n\n\n\n<li>Coloca la cebolla en una ubicaci\u00f3n estrat\u00e9gica de tu hogar, como cerca de las ventanas, puertas o \u00e1reas propensas a la presencia de insectos.<\/li>\n<\/ol>\n\n\n\n<figure class=\"wp-block-image size-full\"><img loading=\"lazy\" decoding=\"async\" width=\"357\" height=\"500\" src=\"https:\/\/recetasconencanto.com\/wp-content\/uploads\/2024\/03\/image-15-49.jpg\" alt=\"\" class=\"wp-image-13071\" srcset=\"https:\/\/recetasconencanto.com\/wp-content\/uploads\/2024\/03\/image-15-49.jpg 357w, https:\/\/recetasconencanto.com\/wp-content\/uploads\/2024\/03\/image-15-49-214x300.jpg 214w\" sizes=\"auto, (max-width: 357px) 100vw, 357px\" \/><\/figure>\n\n\n\n<p><strong>Funcionamiento del Repelente:<\/strong><\/p>\n\n\n\n<ul class=\"wp-block-list\">\n<li>La combinaci\u00f3n de la cebolla y los clavos de olor crea una barrera olfativa que repele a los insectos.<\/li>\n\n\n\n<li>El aroma penetrante de los clavos de olor, combinado con los compuestos de la cebolla, act\u00faa como un poderoso disuasivo para los insectos, manteniendo tu hogar libre de plagas de forma natural y sin productos qu\u00edmicos agresivos.<\/li>\n<\/ul>\n\n\n\n<p>\u00a1Con este sencillo truco, podr\u00e1s disfrutar de un hogar libre de insectos de manera segura y natural durante todo el a\u00f1o!<\/p>\n","protected":false},"excerpt":{"rendered":"<p>La combinaci\u00f3n de cebolla y clavos de olor no solo es \u00fatil en la cocina, sino que tambi\u00e9n puede servir como un remedio natural para mantener alejados a los insectos &#8230; <\/p>\n<p class=\"read-more-container\"><a title=\"\u00bfSabes por qu\u00e9 se ensartan clavos de olor en una cebolla cortada? \u00a1Es la RAZ\u00d3N principal por la que no toso en todo el invierno!\" class=\"read-more button\" href=\"https:\/\/recetasconencanto.com\/index.php\/2024\/03\/19\/sabes-por-que-se-ensartan-clavos-de-olor-en-una-cebolla-cortada-es-la-razon-principal-por-la-que-no-toso-en-todo-el-invierno\/#more-13067\" aria-label=\"More on \u00bfSabes por qu\u00e9 se ensartan clavos de olor en una cebolla cortada? \u00a1Es la RAZ\u00d3N principal por la que no toso en todo el invierno!\">Seguir leyendo<\/a><\/p>\n","protected":false},"author":5,"featured_media":13069,"comment_status":"open","ping_status":"open","sticky":false,"template":"","format":"standard","meta":{"footnotes":""},"categories":[5],"tags":[],"class_list":["post-13067","post","type-post","status-publish","format-standard","has-post-thumbnail","hentry","category-consejos","generate-columns","tablet-grid-50","mobile-grid-100","grid-parent","grid-50","no-featured-image-padding"],"yoast_head":"<!-- This site is optimized with the Yoast SEO Premium plugin v20.5 (Yoast SEO v27.4) - https:\/\/yoast.com\/product\/yoast-seo-premium-wordpress\/ -->\n<title>\u00bfSabes por qu\u00e9 se ensartan clavos de olor en una cebolla cortada? \u00a1Es la RAZ\u00d3N principal por la que no toso en todo el invierno! - recetas con encanto<\/title>\n<meta name=\"robots\" content=\"index, follow, max-snippet:-1, max-image-preview:large, max-video-preview:-1\" \/>\n<link rel=\"canonical\" href=\"https:\/\/recetasconencanto.com\/index.php\/2024\/03\/19\/sabes-por-que-se-ensartan-clavos-de-olor-en-una-cebolla-cortada-es-la-razon-principal-por-la-que-no-toso-en-todo-el-invierno\/\" \/>\n<meta property=\"og:locale\" content=\"en_US\" \/>\n<meta property=\"og:type\" content=\"article\" \/>\n<meta property=\"og:title\" content=\"\u00bfSabes por qu\u00e9 se ensartan clavos de olor en una cebolla cortada? \u00a1Es la RAZ\u00d3N principal por la que no toso en todo el invierno!\" \/>\n<meta property=\"og:description\" content=\"La combinaci\u00f3n de cebolla y clavos de olor no solo es \u00fatil en la cocina, sino que tambi\u00e9n puede servir como un remedio natural para mantener alejados a los insectos ... Seguir leyendo\" \/>\n<meta property=\"og:url\" content=\"https:\/\/recetasconencanto.com\/index.php\/2024\/03\/19\/sabes-por-que-se-ensartan-clavos-de-olor-en-una-cebolla-cortada-es-la-razon-principal-por-la-que-no-toso-en-todo-el-invierno\/\" \/>\n<meta property=\"og:site_name\" content=\"recetas con encanto\" \/>\n<meta property=\"article:published_time\" content=\"2024-03-19T02:48:25+00:00\" \/>\n<meta property=\"article:modified_time\" content=\"2024-03-19T02:48:27+00:00\" \/>\n<meta property=\"og:image\" content=\"http:\/\/recetasconencanto.com\/wp-content\/uploads\/2024\/03\/maxresdefault-3-4.jpg\" \/>\n\t<meta property=\"og:image:width\" content=\"889\" \/>\n\t<meta property=\"og:image:height\" content=\"500\" \/>\n\t<meta property=\"og:image:type\" content=\"image\/jpeg\" \/>\n<meta name=\"author\" content=\"recetasconencanto\" \/>\n<meta name=\"twitter:card\" content=\"summary_large_image\" \/>\n<meta name=\"twitter:label1\" content=\"Written by\" \/>\n\t<meta name=\"twitter:data1\" content=\"recetasconencanto\" \/>\n\t<meta name=\"twitter:label2\" content=\"Est. reading time\" \/>\n\t<meta name=\"twitter:data2\" content=\"2 minutes\" \/>\n<script type=\"application\/ld+json\" class=\"yoast-schema-graph\">{\"@context\":\"https:\\\/\\\/schema.org\",\"@graph\":[{\"@type\":\"Article\",\"@id\":\"https:\\\/\\\/recetasconencanto.com\\\/index.php\\\/2024\\\/03\\\/19\\\/sabes-por-que-se-ensartan-clavos-de-olor-en-una-cebolla-cortada-es-la-razon-principal-por-la-que-no-toso-en-todo-el-invierno\\\/#article\",\"isPartOf\":{\"@id\":\"https:\\\/\\\/recetasconencanto.com\\\/index.php\\\/2024\\\/03\\\/19\\\/sabes-por-que-se-ensartan-clavos-de-olor-en-una-cebolla-cortada-es-la-razon-principal-por-la-que-no-toso-en-todo-el-invierno\\\/\"},\"author\":{\"name\":\"recetasconencanto\",\"@id\":\"https:\\\/\\\/recetasconencanto.com\\\/#\\\/schema\\\/person\\\/7916575b1106b37594daa6185ed1a4a1\"},\"headline\":\"\u00bfSabes por qu\u00e9 se ensartan clavos de olor en una cebolla cortada? \u00a1Es la RAZ\u00d3N principal por la que no toso en todo el invierno!\",\"datePublished\":\"2024-03-19T02:48:25+00:00\",\"dateModified\":\"2024-03-19T02:48:27+00:00\",\"mainEntityOfPage\":{\"@id\":\"https:\\\/\\\/recetasconencanto.com\\\/index.php\\\/2024\\\/03\\\/19\\\/sabes-por-que-se-ensartan-clavos-de-olor-en-una-cebolla-cortada-es-la-razon-principal-por-la-que-no-toso-en-todo-el-invierno\\\/\"},\"wordCount\":266,\"commentCount\":1,\"publisher\":{\"@id\":\"https:\\\/\\\/recetasconencanto.com\\\/#organization\"},\"image\":{\"@id\":\"https:\\\/\\\/recetasconencanto.com\\\/index.php\\\/2024\\\/03\\\/19\\\/sabes-por-que-se-ensartan-clavos-de-olor-en-una-cebolla-cortada-es-la-razon-principal-por-la-que-no-toso-en-todo-el-invierno\\\/#primaryimage\"},\"thumbnailUrl\":\"https:\\\/\\\/recetasconencanto.com\\\/wp-content\\\/uploads\\\/2024\\\/03\\\/maxresdefault-3-4.jpg\",\"articleSection\":[\"consejos\"],\"inLanguage\":\"en-US\",\"potentialAction\":[{\"@type\":\"CommentAction\",\"name\":\"Comment\",\"target\":[\"https:\\\/\\\/recetasconencanto.com\\\/index.php\\\/2024\\\/03\\\/19\\\/sabes-por-que-se-ensartan-clavos-de-olor-en-una-cebolla-cortada-es-la-razon-principal-por-la-que-no-toso-en-todo-el-invierno\\\/#respond\"]}]},{\"@type\":\"WebPage\",\"@id\":\"https:\\\/\\\/recetasconencanto.com\\\/index.php\\\/2024\\\/03\\\/19\\\/sabes-por-que-se-ensartan-clavos-de-olor-en-una-cebolla-cortada-es-la-razon-principal-por-la-que-no-toso-en-todo-el-invierno\\\/\",\"url\":\"https:\\\/\\\/recetasconencanto.com\\\/index.php\\\/2024\\\/03\\\/19\\\/sabes-por-que-se-ensartan-clavos-de-olor-en-una-cebolla-cortada-es-la-razon-principal-por-la-que-no-toso-en-todo-el-invierno\\\/\",\"name\":\"\u00bfSabes por qu\u00e9 se ensartan clavos de olor en una cebolla cortada? \u00a1Es la RAZ\u00d3N principal por la que no toso en todo el invierno! - recetas con encanto\",\"isPartOf\":{\"@id\":\"https:\\\/\\\/recetasconencanto.com\\\/#website\"},\"primaryImageOfPage\":{\"@id\":\"https:\\\/\\\/recetasconencanto.com\\\/index.php\\\/2024\\\/03\\\/19\\\/sabes-por-que-se-ensartan-clavos-de-olor-en-una-cebolla-cortada-es-la-razon-principal-por-la-que-no-toso-en-todo-el-invierno\\\/#primaryimage\"},\"image\":{\"@id\":\"https:\\\/\\\/recetasconencanto.com\\\/index.php\\\/2024\\\/03\\\/19\\\/sabes-por-que-se-ensartan-clavos-de-olor-en-una-cebolla-cortada-es-la-razon-principal-por-la-que-no-toso-en-todo-el-invierno\\\/#primaryimage\"},\"thumbnailUrl\":\"https:\\\/\\\/recetasconencanto.com\\\/wp-content\\\/uploads\\\/2024\\\/03\\\/maxresdefault-3-4.jpg\",\"datePublished\":\"2024-03-19T02:48:25+00:00\",\"dateModified\":\"2024-03-19T02:48:27+00:00\",\"breadcrumb\":{\"@id\":\"https:\\\/\\\/recetasconencanto.com\\\/index.php\\\/2024\\\/03\\\/19\\\/sabes-por-que-se-ensartan-clavos-de-olor-en-una-cebolla-cortada-es-la-razon-principal-por-la-que-no-toso-en-todo-el-invierno\\\/#breadcrumb\"},\"inLanguage\":\"en-US\",\"potentialAction\":[{\"@type\":\"ReadAction\",\"target\":[\"https:\\\/\\\/recetasconencanto.com\\\/index.php\\\/2024\\\/03\\\/19\\\/sabes-por-que-se-ensartan-clavos-de-olor-en-una-cebolla-cortada-es-la-razon-principal-por-la-que-no-toso-en-todo-el-invierno\\\/\"]}]},{\"@type\":\"ImageObject\",\"inLanguage\":\"en-US\",\"@id\":\"https:\\\/\\\/recetasconencanto.com\\\/index.php\\\/2024\\\/03\\\/19\\\/sabes-por-que-se-ensartan-clavos-de-olor-en-una-cebolla-cortada-es-la-razon-principal-por-la-que-no-toso-en-todo-el-invierno\\\/#primaryimage\",\"url\":\"https:\\\/\\\/recetasconencanto.com\\\/wp-content\\\/uploads\\\/2024\\\/03\\\/maxresdefault-3-4.jpg\",\"contentUrl\":\"https:\\\/\\\/recetasconencanto.com\\\/wp-content\\\/uploads\\\/2024\\\/03\\\/maxresdefault-3-4.jpg\",\"width\":889,\"height\":500},{\"@type\":\"BreadcrumbList\",\"@id\":\"https:\\\/\\\/recetasconencanto.com\\\/index.php\\\/2024\\\/03\\\/19\\\/sabes-por-que-se-ensartan-clavos-de-olor-en-una-cebolla-cortada-es-la-razon-principal-por-la-que-no-toso-en-todo-el-invierno\\\/#breadcrumb\",\"itemListElement\":[{\"@type\":\"ListItem\",\"position\":1,\"name\":\"Home\",\"item\":\"https:\\\/\\\/recetasconencanto.com\\\/\"},{\"@type\":\"ListItem\",\"position\":2,\"name\":\"\u00bfSabes por qu\u00e9 se ensartan clavos de olor en una cebolla cortada? \u00a1Es la RAZ\u00d3N principal por la que no toso en todo el invierno!\"}]},{\"@type\":\"WebSite\",\"@id\":\"https:\\\/\\\/recetasconencanto.com\\\/#website\",\"url\":\"https:\\\/\\\/recetasconencanto.com\\\/\",\"name\":\"recetas con encanto\",\"description\":\"\",\"publisher\":{\"@id\":\"https:\\\/\\\/recetasconencanto.com\\\/#organization\"},\"potentialAction\":[{\"@type\":\"SearchAction\",\"target\":{\"@type\":\"EntryPoint\",\"urlTemplate\":\"https:\\\/\\\/recetasconencanto.com\\\/?s={search_term_string}\"},\"query-input\":{\"@type\":\"PropertyValueSpecification\",\"valueRequired\":true,\"valueName\":\"search_term_string\"}}],\"inLanguage\":\"en-US\"},{\"@type\":\"Organization\",\"@id\":\"https:\\\/\\\/recetasconencanto.com\\\/#organization\",\"name\":\"recetas con encanto\",\"url\":\"https:\\\/\\\/recetasconencanto.com\\\/\",\"logo\":{\"@type\":\"ImageObject\",\"inLanguage\":\"en-US\",\"@id\":\"https:\\\/\\\/recetasconencanto.com\\\/#\\\/schema\\\/logo\\\/image\\\/\",\"url\":\"https:\\\/\\\/recetasconencanto.com\\\/wp-content\\\/uploads\\\/2023\\\/12\\\/d5.png\",\"contentUrl\":\"https:\\\/\\\/recetasconencanto.com\\\/wp-content\\\/uploads\\\/2023\\\/12\\\/d5.png\",\"width\":500,\"height\":500,\"caption\":\"recetas con encanto\"},\"image\":{\"@id\":\"https:\\\/\\\/recetasconencanto.com\\\/#\\\/schema\\\/logo\\\/image\\\/\"}},{\"@type\":\"Person\",\"@id\":\"https:\\\/\\\/recetasconencanto.com\\\/#\\\/schema\\\/person\\\/7916575b1106b37594daa6185ed1a4a1\",\"name\":\"recetasconencanto\",\"url\":\"https:\\\/\\\/recetasconencanto.com\\\/index.php\\\/author\\\/recetasconencanto\\\/\"}]}<\/script>\n<!-- \/ Yoast SEO Premium plugin. -->","yoast_head_json":{"title":"\u00bfSabes por qu\u00e9 se ensartan clavos de olor en una cebolla cortada? \u00a1Es la RAZ\u00d3N principal por la que no toso en todo el invierno! - recetas con encanto","robots":{"index":"index","follow":"follow","max-snippet":"max-snippet:-1","max-image-preview":"max-image-preview:large","max-video-preview":"max-video-preview:-1"},"canonical":"https:\/\/recetasconencanto.com\/index.php\/2024\/03\/19\/sabes-por-que-se-ensartan-clavos-de-olor-en-una-cebolla-cortada-es-la-razon-principal-por-la-que-no-toso-en-todo-el-invierno\/","og_locale":"en_US","og_type":"article","og_title":"\u00bfSabes por qu\u00e9 se ensartan clavos de olor en una cebolla cortada? \u00a1Es la RAZ\u00d3N principal por la que no toso en todo el invierno!","og_description":"La combinaci\u00f3n de cebolla y clavos de olor no solo es \u00fatil en la cocina, sino que tambi\u00e9n puede servir como un remedio natural para mantener alejados a los insectos ... Seguir leyendo","og_url":"https:\/\/recetasconencanto.com\/index.php\/2024\/03\/19\/sabes-por-que-se-ensartan-clavos-de-olor-en-una-cebolla-cortada-es-la-razon-principal-por-la-que-no-toso-en-todo-el-invierno\/","og_site_name":"recetas con encanto","article_published_time":"2024-03-19T02:48:25+00:00","article_modified_time":"2024-03-19T02:48:27+00:00","og_image":[{"width":889,"height":500,"url":"http:\/\/recetasconencanto.com\/wp-content\/uploads\/2024\/03\/maxresdefault-3-4.jpg","type":"image\/jpeg"}],"author":"recetasconencanto","twitter_card":"summary_large_image","twitter_misc":{"Written by":"recetasconencanto","Est. reading time":"2 minutes"},"schema":{"@context":"https:\/\/schema.org","@graph":[{"@type":"Article","@id":"https:\/\/recetasconencanto.com\/index.php\/2024\/03\/19\/sabes-por-que-se-ensartan-clavos-de-olor-en-una-cebolla-cortada-es-la-razon-principal-por-la-que-no-toso-en-todo-el-invierno\/#article","isPartOf":{"@id":"https:\/\/recetasconencanto.com\/index.php\/2024\/03\/19\/sabes-por-que-se-ensartan-clavos-de-olor-en-una-cebolla-cortada-es-la-razon-principal-por-la-que-no-toso-en-todo-el-invierno\/"},"author":{"name":"recetasconencanto","@id":"https:\/\/recetasconencanto.com\/#\/schema\/person\/7916575b1106b37594daa6185ed1a4a1"},"headline":"\u00bfSabes por qu\u00e9 se ensartan clavos de olor en una cebolla cortada? \u00a1Es la RAZ\u00d3N principal por la que no toso en todo el invierno!","datePublished":"2024-03-19T02:48:25+00:00","dateModified":"2024-03-19T02:48:27+00:00","mainEntityOfPage":{"@id":"https:\/\/recetasconencanto.com\/index.php\/2024\/03\/19\/sabes-por-que-se-ensartan-clavos-de-olor-en-una-cebolla-cortada-es-la-razon-principal-por-la-que-no-toso-en-todo-el-invierno\/"},"wordCount":266,"commentCount":1,"publisher":{"@id":"https:\/\/recetasconencanto.com\/#organization"},"image":{"@id":"https:\/\/recetasconencanto.com\/index.php\/2024\/03\/19\/sabes-por-que-se-ensartan-clavos-de-olor-en-una-cebolla-cortada-es-la-razon-principal-por-la-que-no-toso-en-todo-el-invierno\/#primaryimage"},"thumbnailUrl":"https:\/\/recetasconencanto.com\/wp-content\/uploads\/2024\/03\/maxresdefault-3-4.jpg","articleSection":["consejos"],"inLanguage":"en-US","potentialAction":[{"@type":"CommentAction","name":"Comment","target":["https:\/\/recetasconencanto.com\/index.php\/2024\/03\/19\/sabes-por-que-se-ensartan-clavos-de-olor-en-una-cebolla-cortada-es-la-razon-principal-por-la-que-no-toso-en-todo-el-invierno\/#respond"]}]},{"@type":"WebPage","@id":"https:\/\/recetasconencanto.com\/index.php\/2024\/03\/19\/sabes-por-que-se-ensartan-clavos-de-olor-en-una-cebolla-cortada-es-la-razon-principal-por-la-que-no-toso-en-todo-el-invierno\/","url":"https:\/\/recetasconencanto.com\/index.php\/2024\/03\/19\/sabes-por-que-se-ensartan-clavos-de-olor-en-una-cebolla-cortada-es-la-razon-principal-por-la-que-no-toso-en-todo-el-invierno\/","name":"\u00bfSabes por qu\u00e9 se ensartan clavos de olor en una cebolla cortada? \u00a1Es la RAZ\u00d3N principal por la que no toso en todo el invierno! - recetas con encanto","isPartOf":{"@id":"https:\/\/recetasconencanto.com\/#website"},"primaryImageOfPage":{"@id":"https:\/\/recetasconencanto.com\/index.php\/2024\/03\/19\/sabes-por-que-se-ensartan-clavos-de-olor-en-una-cebolla-cortada-es-la-razon-principal-por-la-que-no-toso-en-todo-el-invierno\/#primaryimage"},"image":{"@id":"https:\/\/recetasconencanto.com\/index.php\/2024\/03\/19\/sabes-por-que-se-ensartan-clavos-de-olor-en-una-cebolla-cortada-es-la-razon-principal-por-la-que-no-toso-en-todo-el-invierno\/#primaryimage"},"thumbnailUrl":"https:\/\/recetasconencanto.com\/wp-content\/uploads\/2024\/03\/maxresdefault-3-4.jpg","datePublished":"2024-03-19T02:48:25+00:00","dateModified":"2024-03-19T02:48:27+00:00","breadcrumb":{"@id":"https:\/\/recetasconencanto.com\/index.php\/2024\/03\/19\/sabes-por-que-se-ensartan-clavos-de-olor-en-una-cebolla-cortada-es-la-razon-principal-por-la-que-no-toso-en-todo-el-invierno\/#breadcrumb"},"inLanguage":"en-US","potentialAction":[{"@type":"ReadAction","target":["https:\/\/recetasconencanto.com\/index.php\/2024\/03\/19\/sabes-por-que-se-ensartan-clavos-de-olor-en-una-cebolla-cortada-es-la-razon-principal-por-la-que-no-toso-en-todo-el-invierno\/"]}]},{"@type":"ImageObject","inLanguage":"en-US","@id":"https:\/\/recetasconencanto.com\/index.php\/2024\/03\/19\/sabes-por-que-se-ensartan-clavos-de-olor-en-una-cebolla-cortada-es-la-razon-principal-por-la-que-no-toso-en-todo-el-invierno\/#primaryimage","url":"https:\/\/recetasconencanto.com\/wp-content\/uploads\/2024\/03\/maxresdefault-3-4.jpg","contentUrl":"https:\/\/recetasconencanto.com\/wp-content\/uploads\/2024\/03\/maxresdefault-3-4.jpg","width":889,"height":500},{"@type":"BreadcrumbList","@id":"https:\/\/recetasconencanto.com\/index.php\/2024\/03\/19\/sabes-por-que-se-ensartan-clavos-de-olor-en-una-cebolla-cortada-es-la-razon-principal-por-la-que-no-toso-en-todo-el-invierno\/#breadcrumb","itemListElement":[{"@type":"ListItem","position":1,"name":"Home","item":"https:\/\/recetasconencanto.com\/"},{"@type":"ListItem","position":2,"name":"\u00bfSabes por qu\u00e9 se ensartan clavos de olor en una cebolla cortada? \u00a1Es la RAZ\u00d3N principal por la que no toso en todo el invierno!"}]},{"@type":"WebSite","@id":"https:\/\/recetasconencanto.com\/#website","url":"https:\/\/recetasconencanto.com\/","name":"recetas con encanto","description":"","publisher":{"@id":"https:\/\/recetasconencanto.com\/#organization"},"potentialAction":[{"@type":"SearchAction","target":{"@type":"EntryPoint","urlTemplate":"https:\/\/recetasconencanto.com\/?s={search_term_string}"},"query-input":{"@type":"PropertyValueSpecification","valueRequired":true,"valueName":"search_term_string"}}],"inLanguage":"en-US"},{"@type":"Organization","@id":"https:\/\/recetasconencanto.com\/#organization","name":"recetas con encanto","url":"https:\/\/recetasconencanto.com\/","logo":{"@type":"ImageObject","inLanguage":"en-US","@id":"https:\/\/recetasconencanto.com\/#\/schema\/logo\/image\/","url":"https:\/\/recetasconencanto.com\/wp-content\/uploads\/2023\/12\/d5.png","contentUrl":"https:\/\/recetasconencanto.com\/wp-content\/uploads\/2023\/12\/d5.png","width":500,"height":500,"caption":"recetas con encanto"},"image":{"@id":"https:\/\/recetasconencanto.com\/#\/schema\/logo\/image\/"}},{"@type":"Person","@id":"https:\/\/recetasconencanto.com\/#\/schema\/person\/7916575b1106b37594daa6185ed1a4a1","name":"recetasconencanto","url":"https:\/\/recetasconencanto.com\/index.php\/author\/recetasconencanto\/"}]}},"_links":{"self":[{"href":"https:\/\/recetasconencanto.com\/index.php\/wp-json\/wp\/v2\/posts\/13067","targetHints":{"allow":["GET"]}}],"collection":[{"href":"https:\/\/recetasconencanto.com\/index.php\/wp-json\/wp\/v2\/posts"}],"about":[{"href":"https:\/\/recetasconencanto.com\/index.php\/wp-json\/wp\/v2\/types\/post"}],"author":[{"embeddable":true,"href":"https:\/\/recetasconencanto.com\/index.php\/wp-json\/wp\/v2\/users\/5"}],"replies":[{"embeddable":true,"href":"https:\/\/recetasconencanto.com\/index.php\/wp-json\/wp\/v2\/comments?post=13067"}],"version-history":[{"count":1,"href":"https:\/\/recetasconencanto.com\/index.php\/wp-json\/wp\/v2\/posts\/13067\/revisions"}],"predecessor-version":[{"id":13072,"href":"https:\/\/recetasconencanto.com\/index.php\/wp-json\/wp\/v2\/posts\/13067\/revisions\/13072"}],"wp:featuredmedia":[{"embeddable":true,"href":"https:\/\/recetasconencanto.com\/index.php\/wp-json\/wp\/v2\/media\/13069"}],"wp:attachment":[{"href":"https:\/\/recetasconencanto.com\/index.php\/wp-json\/wp\/v2\/media?parent=13067"}],"wp:term":[{"taxonomy":"category","embeddable":true,"href":"https:\/\/recetasconencanto.com\/index.php\/wp-json\/wp\/v2\/categories?post=13067"},{"taxonomy":"post_tag","embeddable":true,"href":"https:\/\/recetasconencanto.com\/index.php\/wp-json\/wp\/v2\/tags?post=13067"}],"curies":[{"name":"wp","href":"https:\/\/api.w.org\/{rel}","templated":true}]}}