{"id":13391,"date":"2024-03-21T17:21:47","date_gmt":"2024-03-21T17:21:47","guid":{"rendered":"https:\/\/recetasconencanto.com\/?p=13391"},"modified":"2024-03-21T17:21:50","modified_gmt":"2024-03-21T17:21:50","slug":"el-momento-ideal-para-tender-la-ropa-en-dias-humedos-la-hora-perfecta","status":"publish","type":"post","link":"https:\/\/recetasconencanto.com\/index.php\/2024\/03\/21\/el-momento-ideal-para-tender-la-ropa-en-dias-humedos-la-hora-perfecta\/","title":{"rendered":"El Momento Ideal para Tender la Ropa en D\u00edas H\u00famedos: La Hora Perfecta"},"content":{"rendered":"\n<p>En medio de la rutina diaria, uno de los quehaceres m\u00e1s comunes es el lavado y secado de la ropa, una tarea que puede volverse un desaf\u00edo cuando el clima est\u00e1 cargado de humedad. Pero, \u00bfcu\u00e1l es el momento \u00f3ptimo para tender la ropa en exteriores en d\u00edas h\u00famedos? Desc\u00fabrelo a continuaci\u00f3n.<\/p>\n\n\n\n<p><strong>El Reto de Secar la Ropa en Ambientes H\u00famedos:<\/strong><br>Durante los meses de invierno y oto\u00f1o, las prendas tienden a permanecer por m\u00e1s tiempo en los tendederos debido a la menor exposici\u00f3n solar y al aumento de la humedad ambiental. Este escenario puede derivar en problemas como el mal olor o la rehumidificaci\u00f3n de la ropa debido a la lluvia.<\/p>\n\n\n\n<figure class=\"wp-block-image size-full\"><img loading=\"lazy\" decoding=\"async\" width=\"740\" height=\"420\" src=\"https:\/\/recetasconencanto.com\/wp-content\/uploads\/2024\/03\/image-16-18.jpg\" alt=\"\" class=\"wp-image-13394\" srcset=\"https:\/\/recetasconencanto.com\/wp-content\/uploads\/2024\/03\/image-16-18.jpg 740w, https:\/\/recetasconencanto.com\/wp-content\/uploads\/2024\/03\/image-16-18-300x170.jpg 300w\" sizes=\"auto, (max-width: 740px) 100vw, 740px\" \/><\/figure>\n\n\n\n<p><strong>La Estrategia para una Secado Efectivo:<\/strong><br>Para garantizar un secado \u00f3ptimo en d\u00edas h\u00famedos, es esencial aprovechar las condiciones clim\u00e1ticas favorables. Se recomienda revisar el pron\u00f3stico del tiempo y elegir momentos sin lluvia y con vientos moderados.<\/p>\n\n\n\n<p><strong>La Importancia del Momento:<\/strong><br>La clave est\u00e1 en tender la ropa durante las horas del d\u00eda en las que la humedad ambiental es menor y la brisa es m\u00e1s fuerte. Evita hacerlo durante la noche, ya que la humedad tiende a aumentar y podr\u00edas encontrarte con prendas m\u00e1s h\u00famedas por la ma\u00f1ana.<\/p>\n\n\n\n<figure class=\"wp-block-image size-full\"><img loading=\"lazy\" decoding=\"async\" width=\"740\" height=\"420\" src=\"https:\/\/recetasconencanto.com\/wp-content\/uploads\/2024\/03\/image-16-19.jpg\" alt=\"\" class=\"wp-image-13395\" srcset=\"https:\/\/recetasconencanto.com\/wp-content\/uploads\/2024\/03\/image-16-19.jpg 740w, https:\/\/recetasconencanto.com\/wp-content\/uploads\/2024\/03\/image-16-19-300x170.jpg 300w\" sizes=\"auto, (max-width: 740px) 100vw, 740px\" \/><\/figure>\n\n\n\n<p><strong>Optimizando el Proceso:<\/strong><br>Para aquellos d\u00edas en los que el secado en exteriores no es una opci\u00f3n, existen t\u00e9cnicas caseras para absorber la humedad en el hogar, como colocar un recipiente con sal gruesa o arroz debajo del tendedero. Adem\u00e1s, utilizar un deshumidificador puede ser de gran ayuda para mantener un ambiente seco y fresco.<\/p>\n\n\n\n<p><strong>Conclusiones:<\/strong><br>En resumen, al elegir el momento adecuado para tender la ropa en d\u00edas h\u00famedos, no solo garantizas un secado efectivo, sino que tambi\u00e9n evitas problemas como el mal olor o la rehumidificaci\u00f3n. Con estos consejos, podr\u00e1s mantener tus prendas frescas y listas para usar, incluso en condiciones clim\u00e1ticas adversas.<\/p>\n","protected":false},"excerpt":{"rendered":"<p>En medio de la rutina diaria, uno de los quehaceres m\u00e1s comunes es el lavado y secado de la ropa, una tarea que puede volverse un desaf\u00edo cuando el clima &#8230; <\/p>\n<p class=\"read-more-container\"><a title=\"El Momento Ideal para Tender la Ropa en D\u00edas H\u00famedos: La Hora Perfecta\" class=\"read-more button\" href=\"https:\/\/recetasconencanto.com\/index.php\/2024\/03\/21\/el-momento-ideal-para-tender-la-ropa-en-dias-humedos-la-hora-perfecta\/#more-13391\" aria-label=\"More on El Momento Ideal para Tender la Ropa en D\u00edas H\u00famedos: La Hora Perfecta\">Seguir leyendo<\/a><\/p>\n","protected":false},"author":5,"featured_media":13393,"comment_status":"open","ping_status":"open","sticky":false,"template":"","format":"standard","meta":{"footnotes":""},"categories":[5],"tags":[],"class_list":["post-13391","post","type-post","status-publish","format-standard","has-post-thumbnail","hentry","category-consejos","generate-columns","tablet-grid-50","mobile-grid-100","grid-parent","grid-50","no-featured-image-padding"],"yoast_head":"<!-- This site is optimized with the Yoast SEO Premium plugin v20.5 (Yoast SEO v27.4) - https:\/\/yoast.com\/product\/yoast-seo-premium-wordpress\/ -->\n<title>El Momento Ideal para Tender la Ropa en D\u00edas H\u00famedos: La Hora Perfecta - recetas con encanto<\/title>\n<meta name=\"robots\" content=\"index, follow, max-snippet:-1, max-image-preview:large, max-video-preview:-1\" \/>\n<link rel=\"canonical\" href=\"https:\/\/recetasconencanto.com\/index.php\/2024\/03\/21\/el-momento-ideal-para-tender-la-ropa-en-dias-humedos-la-hora-perfecta\/\" \/>\n<meta property=\"og:locale\" content=\"en_US\" \/>\n<meta property=\"og:type\" content=\"article\" \/>\n<meta property=\"og:title\" content=\"El Momento Ideal para Tender la Ropa en D\u00edas H\u00famedos: La Hora Perfecta\" \/>\n<meta property=\"og:description\" content=\"En medio de la rutina diaria, uno de los quehaceres m\u00e1s comunes es el lavado y secado de la ropa, una tarea que puede volverse un desaf\u00edo cuando el clima ... Seguir leyendo\" \/>\n<meta property=\"og:url\" content=\"https:\/\/recetasconencanto.com\/index.php\/2024\/03\/21\/el-momento-ideal-para-tender-la-ropa-en-dias-humedos-la-hora-perfecta\/\" \/>\n<meta property=\"og:site_name\" content=\"recetas con encanto\" \/>\n<meta property=\"article:published_time\" content=\"2024-03-21T17:21:47+00:00\" \/>\n<meta property=\"article:modified_time\" content=\"2024-03-21T17:21:50+00:00\" \/>\n<meta property=\"og:image\" content=\"http:\/\/recetasconencanto.com\/wp-content\/uploads\/2024\/03\/stendere-i-panni-.jpg\" \/>\n\t<meta property=\"og:image:width\" content=\"889\" \/>\n\t<meta property=\"og:image:height\" content=\"500\" \/>\n\t<meta property=\"og:image:type\" content=\"image\/jpeg\" \/>\n<meta name=\"author\" content=\"recetasconencanto\" \/>\n<meta name=\"twitter:card\" content=\"summary_large_image\" \/>\n<meta name=\"twitter:label1\" content=\"Written by\" \/>\n\t<meta name=\"twitter:data1\" content=\"recetasconencanto\" \/>\n\t<meta name=\"twitter:label2\" content=\"Est. reading time\" \/>\n\t<meta name=\"twitter:data2\" content=\"2 minutes\" \/>\n<script type=\"application\/ld+json\" class=\"yoast-schema-graph\">{\"@context\":\"https:\\\/\\\/schema.org\",\"@graph\":[{\"@type\":\"Article\",\"@id\":\"https:\\\/\\\/recetasconencanto.com\\\/index.php\\\/2024\\\/03\\\/21\\\/el-momento-ideal-para-tender-la-ropa-en-dias-humedos-la-hora-perfecta\\\/#article\",\"isPartOf\":{\"@id\":\"https:\\\/\\\/recetasconencanto.com\\\/index.php\\\/2024\\\/03\\\/21\\\/el-momento-ideal-para-tender-la-ropa-en-dias-humedos-la-hora-perfecta\\\/\"},\"author\":{\"name\":\"recetasconencanto\",\"@id\":\"https:\\\/\\\/recetasconencanto.com\\\/#\\\/schema\\\/person\\\/7916575b1106b37594daa6185ed1a4a1\"},\"headline\":\"El Momento Ideal para Tender la Ropa en D\u00edas H\u00famedos: La Hora Perfecta\",\"datePublished\":\"2024-03-21T17:21:47+00:00\",\"dateModified\":\"2024-03-21T17:21:50+00:00\",\"mainEntityOfPage\":{\"@id\":\"https:\\\/\\\/recetasconencanto.com\\\/index.php\\\/2024\\\/03\\\/21\\\/el-momento-ideal-para-tender-la-ropa-en-dias-humedos-la-hora-perfecta\\\/\"},\"wordCount\":353,\"commentCount\":0,\"publisher\":{\"@id\":\"https:\\\/\\\/recetasconencanto.com\\\/#organization\"},\"image\":{\"@id\":\"https:\\\/\\\/recetasconencanto.com\\\/index.php\\\/2024\\\/03\\\/21\\\/el-momento-ideal-para-tender-la-ropa-en-dias-humedos-la-hora-perfecta\\\/#primaryimage\"},\"thumbnailUrl\":\"https:\\\/\\\/recetasconencanto.com\\\/wp-content\\\/uploads\\\/2024\\\/03\\\/stendere-i-panni-.jpg\",\"articleSection\":[\"consejos\"],\"inLanguage\":\"en-US\",\"potentialAction\":[{\"@type\":\"CommentAction\",\"name\":\"Comment\",\"target\":[\"https:\\\/\\\/recetasconencanto.com\\\/index.php\\\/2024\\\/03\\\/21\\\/el-momento-ideal-para-tender-la-ropa-en-dias-humedos-la-hora-perfecta\\\/#respond\"]}]},{\"@type\":\"WebPage\",\"@id\":\"https:\\\/\\\/recetasconencanto.com\\\/index.php\\\/2024\\\/03\\\/21\\\/el-momento-ideal-para-tender-la-ropa-en-dias-humedos-la-hora-perfecta\\\/\",\"url\":\"https:\\\/\\\/recetasconencanto.com\\\/index.php\\\/2024\\\/03\\\/21\\\/el-momento-ideal-para-tender-la-ropa-en-dias-humedos-la-hora-perfecta\\\/\",\"name\":\"El Momento Ideal para Tender la Ropa en D\u00edas H\u00famedos: La Hora Perfecta - recetas con encanto\",\"isPartOf\":{\"@id\":\"https:\\\/\\\/recetasconencanto.com\\\/#website\"},\"primaryImageOfPage\":{\"@id\":\"https:\\\/\\\/recetasconencanto.com\\\/index.php\\\/2024\\\/03\\\/21\\\/el-momento-ideal-para-tender-la-ropa-en-dias-humedos-la-hora-perfecta\\\/#primaryimage\"},\"image\":{\"@id\":\"https:\\\/\\\/recetasconencanto.com\\\/index.php\\\/2024\\\/03\\\/21\\\/el-momento-ideal-para-tender-la-ropa-en-dias-humedos-la-hora-perfecta\\\/#primaryimage\"},\"thumbnailUrl\":\"https:\\\/\\\/recetasconencanto.com\\\/wp-content\\\/uploads\\\/2024\\\/03\\\/stendere-i-panni-.jpg\",\"datePublished\":\"2024-03-21T17:21:47+00:00\",\"dateModified\":\"2024-03-21T17:21:50+00:00\",\"breadcrumb\":{\"@id\":\"https:\\\/\\\/recetasconencanto.com\\\/index.php\\\/2024\\\/03\\\/21\\\/el-momento-ideal-para-tender-la-ropa-en-dias-humedos-la-hora-perfecta\\\/#breadcrumb\"},\"inLanguage\":\"en-US\",\"potentialAction\":[{\"@type\":\"ReadAction\",\"target\":[\"https:\\\/\\\/recetasconencanto.com\\\/index.php\\\/2024\\\/03\\\/21\\\/el-momento-ideal-para-tender-la-ropa-en-dias-humedos-la-hora-perfecta\\\/\"]}]},{\"@type\":\"ImageObject\",\"inLanguage\":\"en-US\",\"@id\":\"https:\\\/\\\/recetasconencanto.com\\\/index.php\\\/2024\\\/03\\\/21\\\/el-momento-ideal-para-tender-la-ropa-en-dias-humedos-la-hora-perfecta\\\/#primaryimage\",\"url\":\"https:\\\/\\\/recetasconencanto.com\\\/wp-content\\\/uploads\\\/2024\\\/03\\\/stendere-i-panni-.jpg\",\"contentUrl\":\"https:\\\/\\\/recetasconencanto.com\\\/wp-content\\\/uploads\\\/2024\\\/03\\\/stendere-i-panni-.jpg\",\"width\":889,\"height\":500},{\"@type\":\"BreadcrumbList\",\"@id\":\"https:\\\/\\\/recetasconencanto.com\\\/index.php\\\/2024\\\/03\\\/21\\\/el-momento-ideal-para-tender-la-ropa-en-dias-humedos-la-hora-perfecta\\\/#breadcrumb\",\"itemListElement\":[{\"@type\":\"ListItem\",\"position\":1,\"name\":\"Home\",\"item\":\"https:\\\/\\\/recetasconencanto.com\\\/\"},{\"@type\":\"ListItem\",\"position\":2,\"name\":\"El Momento Ideal para Tender la Ropa en D\u00edas H\u00famedos: La Hora Perfecta\"}]},{\"@type\":\"WebSite\",\"@id\":\"https:\\\/\\\/recetasconencanto.com\\\/#website\",\"url\":\"https:\\\/\\\/recetasconencanto.com\\\/\",\"name\":\"recetas con encanto\",\"description\":\"\",\"publisher\":{\"@id\":\"https:\\\/\\\/recetasconencanto.com\\\/#organization\"},\"potentialAction\":[{\"@type\":\"SearchAction\",\"target\":{\"@type\":\"EntryPoint\",\"urlTemplate\":\"https:\\\/\\\/recetasconencanto.com\\\/?s={search_term_string}\"},\"query-input\":{\"@type\":\"PropertyValueSpecification\",\"valueRequired\":true,\"valueName\":\"search_term_string\"}}],\"inLanguage\":\"en-US\"},{\"@type\":\"Organization\",\"@id\":\"https:\\\/\\\/recetasconencanto.com\\\/#organization\",\"name\":\"recetas con encanto\",\"url\":\"https:\\\/\\\/recetasconencanto.com\\\/\",\"logo\":{\"@type\":\"ImageObject\",\"inLanguage\":\"en-US\",\"@id\":\"https:\\\/\\\/recetasconencanto.com\\\/#\\\/schema\\\/logo\\\/image\\\/\",\"url\":\"https:\\\/\\\/recetasconencanto.com\\\/wp-content\\\/uploads\\\/2023\\\/12\\\/d5.png\",\"contentUrl\":\"https:\\\/\\\/recetasconencanto.com\\\/wp-content\\\/uploads\\\/2023\\\/12\\\/d5.png\",\"width\":500,\"height\":500,\"caption\":\"recetas con encanto\"},\"image\":{\"@id\":\"https:\\\/\\\/recetasconencanto.com\\\/#\\\/schema\\\/logo\\\/image\\\/\"}},{\"@type\":\"Person\",\"@id\":\"https:\\\/\\\/recetasconencanto.com\\\/#\\\/schema\\\/person\\\/7916575b1106b37594daa6185ed1a4a1\",\"name\":\"recetasconencanto\",\"url\":\"https:\\\/\\\/recetasconencanto.com\\\/index.php\\\/author\\\/recetasconencanto\\\/\"}]}<\/script>\n<!-- \/ Yoast SEO Premium plugin. -->","yoast_head_json":{"title":"El Momento Ideal para Tender la Ropa en D\u00edas H\u00famedos: La Hora Perfecta - recetas con encanto","robots":{"index":"index","follow":"follow","max-snippet":"max-snippet:-1","max-image-preview":"max-image-preview:large","max-video-preview":"max-video-preview:-1"},"canonical":"https:\/\/recetasconencanto.com\/index.php\/2024\/03\/21\/el-momento-ideal-para-tender-la-ropa-en-dias-humedos-la-hora-perfecta\/","og_locale":"en_US","og_type":"article","og_title":"El Momento Ideal para Tender la Ropa en D\u00edas H\u00famedos: La Hora Perfecta","og_description":"En medio de la rutina diaria, uno de los quehaceres m\u00e1s comunes es el lavado y secado de la ropa, una tarea que puede volverse un desaf\u00edo cuando el clima ... Seguir leyendo","og_url":"https:\/\/recetasconencanto.com\/index.php\/2024\/03\/21\/el-momento-ideal-para-tender-la-ropa-en-dias-humedos-la-hora-perfecta\/","og_site_name":"recetas con encanto","article_published_time":"2024-03-21T17:21:47+00:00","article_modified_time":"2024-03-21T17:21:50+00:00","og_image":[{"width":889,"height":500,"url":"http:\/\/recetasconencanto.com\/wp-content\/uploads\/2024\/03\/stendere-i-panni-.jpg","type":"image\/jpeg"}],"author":"recetasconencanto","twitter_card":"summary_large_image","twitter_misc":{"Written by":"recetasconencanto","Est. reading time":"2 minutes"},"schema":{"@context":"https:\/\/schema.org","@graph":[{"@type":"Article","@id":"https:\/\/recetasconencanto.com\/index.php\/2024\/03\/21\/el-momento-ideal-para-tender-la-ropa-en-dias-humedos-la-hora-perfecta\/#article","isPartOf":{"@id":"https:\/\/recetasconencanto.com\/index.php\/2024\/03\/21\/el-momento-ideal-para-tender-la-ropa-en-dias-humedos-la-hora-perfecta\/"},"author":{"name":"recetasconencanto","@id":"https:\/\/recetasconencanto.com\/#\/schema\/person\/7916575b1106b37594daa6185ed1a4a1"},"headline":"El Momento Ideal para Tender la Ropa en D\u00edas H\u00famedos: La Hora Perfecta","datePublished":"2024-03-21T17:21:47+00:00","dateModified":"2024-03-21T17:21:50+00:00","mainEntityOfPage":{"@id":"https:\/\/recetasconencanto.com\/index.php\/2024\/03\/21\/el-momento-ideal-para-tender-la-ropa-en-dias-humedos-la-hora-perfecta\/"},"wordCount":353,"commentCount":0,"publisher":{"@id":"https:\/\/recetasconencanto.com\/#organization"},"image":{"@id":"https:\/\/recetasconencanto.com\/index.php\/2024\/03\/21\/el-momento-ideal-para-tender-la-ropa-en-dias-humedos-la-hora-perfecta\/#primaryimage"},"thumbnailUrl":"https:\/\/recetasconencanto.com\/wp-content\/uploads\/2024\/03\/stendere-i-panni-.jpg","articleSection":["consejos"],"inLanguage":"en-US","potentialAction":[{"@type":"CommentAction","name":"Comment","target":["https:\/\/recetasconencanto.com\/index.php\/2024\/03\/21\/el-momento-ideal-para-tender-la-ropa-en-dias-humedos-la-hora-perfecta\/#respond"]}]},{"@type":"WebPage","@id":"https:\/\/recetasconencanto.com\/index.php\/2024\/03\/21\/el-momento-ideal-para-tender-la-ropa-en-dias-humedos-la-hora-perfecta\/","url":"https:\/\/recetasconencanto.com\/index.php\/2024\/03\/21\/el-momento-ideal-para-tender-la-ropa-en-dias-humedos-la-hora-perfecta\/","name":"El Momento Ideal para Tender la Ropa en D\u00edas H\u00famedos: La Hora Perfecta - recetas con encanto","isPartOf":{"@id":"https:\/\/recetasconencanto.com\/#website"},"primaryImageOfPage":{"@id":"https:\/\/recetasconencanto.com\/index.php\/2024\/03\/21\/el-momento-ideal-para-tender-la-ropa-en-dias-humedos-la-hora-perfecta\/#primaryimage"},"image":{"@id":"https:\/\/recetasconencanto.com\/index.php\/2024\/03\/21\/el-momento-ideal-para-tender-la-ropa-en-dias-humedos-la-hora-perfecta\/#primaryimage"},"thumbnailUrl":"https:\/\/recetasconencanto.com\/wp-content\/uploads\/2024\/03\/stendere-i-panni-.jpg","datePublished":"2024-03-21T17:21:47+00:00","dateModified":"2024-03-21T17:21:50+00:00","breadcrumb":{"@id":"https:\/\/recetasconencanto.com\/index.php\/2024\/03\/21\/el-momento-ideal-para-tender-la-ropa-en-dias-humedos-la-hora-perfecta\/#breadcrumb"},"inLanguage":"en-US","potentialAction":[{"@type":"ReadAction","target":["https:\/\/recetasconencanto.com\/index.php\/2024\/03\/21\/el-momento-ideal-para-tender-la-ropa-en-dias-humedos-la-hora-perfecta\/"]}]},{"@type":"ImageObject","inLanguage":"en-US","@id":"https:\/\/recetasconencanto.com\/index.php\/2024\/03\/21\/el-momento-ideal-para-tender-la-ropa-en-dias-humedos-la-hora-perfecta\/#primaryimage","url":"https:\/\/recetasconencanto.com\/wp-content\/uploads\/2024\/03\/stendere-i-panni-.jpg","contentUrl":"https:\/\/recetasconencanto.com\/wp-content\/uploads\/2024\/03\/stendere-i-panni-.jpg","width":889,"height":500},{"@type":"BreadcrumbList","@id":"https:\/\/recetasconencanto.com\/index.php\/2024\/03\/21\/el-momento-ideal-para-tender-la-ropa-en-dias-humedos-la-hora-perfecta\/#breadcrumb","itemListElement":[{"@type":"ListItem","position":1,"name":"Home","item":"https:\/\/recetasconencanto.com\/"},{"@type":"ListItem","position":2,"name":"El Momento Ideal para Tender la Ropa en D\u00edas H\u00famedos: La Hora Perfecta"}]},{"@type":"WebSite","@id":"https:\/\/recetasconencanto.com\/#website","url":"https:\/\/recetasconencanto.com\/","name":"recetas con encanto","description":"","publisher":{"@id":"https:\/\/recetasconencanto.com\/#organization"},"potentialAction":[{"@type":"SearchAction","target":{"@type":"EntryPoint","urlTemplate":"https:\/\/recetasconencanto.com\/?s={search_term_string}"},"query-input":{"@type":"PropertyValueSpecification","valueRequired":true,"valueName":"search_term_string"}}],"inLanguage":"en-US"},{"@type":"Organization","@id":"https:\/\/recetasconencanto.com\/#organization","name":"recetas con encanto","url":"https:\/\/recetasconencanto.com\/","logo":{"@type":"ImageObject","inLanguage":"en-US","@id":"https:\/\/recetasconencanto.com\/#\/schema\/logo\/image\/","url":"https:\/\/recetasconencanto.com\/wp-content\/uploads\/2023\/12\/d5.png","contentUrl":"https:\/\/recetasconencanto.com\/wp-content\/uploads\/2023\/12\/d5.png","width":500,"height":500,"caption":"recetas con encanto"},"image":{"@id":"https:\/\/recetasconencanto.com\/#\/schema\/logo\/image\/"}},{"@type":"Person","@id":"https:\/\/recetasconencanto.com\/#\/schema\/person\/7916575b1106b37594daa6185ed1a4a1","name":"recetasconencanto","url":"https:\/\/recetasconencanto.com\/index.php\/author\/recetasconencanto\/"}]}},"_links":{"self":[{"href":"https:\/\/recetasconencanto.com\/index.php\/wp-json\/wp\/v2\/posts\/13391","targetHints":{"allow":["GET"]}}],"collection":[{"href":"https:\/\/recetasconencanto.com\/index.php\/wp-json\/wp\/v2\/posts"}],"about":[{"href":"https:\/\/recetasconencanto.com\/index.php\/wp-json\/wp\/v2\/types\/post"}],"author":[{"embeddable":true,"href":"https:\/\/recetasconencanto.com\/index.php\/wp-json\/wp\/v2\/users\/5"}],"replies":[{"embeddable":true,"href":"https:\/\/recetasconencanto.com\/index.php\/wp-json\/wp\/v2\/comments?post=13391"}],"version-history":[{"count":1,"href":"https:\/\/recetasconencanto.com\/index.php\/wp-json\/wp\/v2\/posts\/13391\/revisions"}],"predecessor-version":[{"id":13396,"href":"https:\/\/recetasconencanto.com\/index.php\/wp-json\/wp\/v2\/posts\/13391\/revisions\/13396"}],"wp:featuredmedia":[{"embeddable":true,"href":"https:\/\/recetasconencanto.com\/index.php\/wp-json\/wp\/v2\/media\/13393"}],"wp:attachment":[{"href":"https:\/\/recetasconencanto.com\/index.php\/wp-json\/wp\/v2\/media?parent=13391"}],"wp:term":[{"taxonomy":"category","embeddable":true,"href":"https:\/\/recetasconencanto.com\/index.php\/wp-json\/wp\/v2\/categories?post=13391"},{"taxonomy":"post_tag","embeddable":true,"href":"https:\/\/recetasconencanto.com\/index.php\/wp-json\/wp\/v2\/tags?post=13391"}],"curies":[{"name":"wp","href":"https:\/\/api.w.org\/{rel}","templated":true}]}}