{"id":13947,"date":"2024-03-27T02:14:37","date_gmt":"2024-03-27T02:14:37","guid":{"rendered":"https:\/\/recetasconencanto.com\/?p=13947"},"modified":"2024-03-27T02:14:39","modified_gmt":"2024-03-27T02:14:39","slug":"adopte-este-plan-domestico-contra-el-calor-para-la-temporada-estival","status":"publish","type":"post","link":"https:\/\/recetasconencanto.com\/index.php\/2024\/03\/27\/adopte-este-plan-domestico-contra-el-calor-para-la-temporada-estival\/","title":{"rendered":"\u00a1Adopte este plan dom\u00e9stico contra el calor para la temporada estival!"},"content":{"rendered":"\n<p>Cada d\u00eda, nos esforzamos por mantener la casa ordenada y limpia. Pero en verano, todo se complica. La calor dificulta realizar muchas de las tareas diarias, ya que la fatiga se instala r\u00e1pidamente.<\/p>\n\n\n\n<p><strong>Prioridades durante el Verano<\/strong><\/p>\n\n\n\n<p>En verano, hay ciertas \u00e1reas de la casa que se vuelven prioritarias sobre otras. La cocina y el ba\u00f1o son lugares cruciales, ya que la calor puede causar malos olores e invasiones de insectos. Adem\u00e1s, es importante cambiar regularmente la ropa de cama para mantenerla fresca y limpia.<\/p>\n\n\n\n<p><strong>Tareas Diarias<\/strong><\/p>\n\n\n\n<p>En cuanto a las tareas diarias, comienza por la cocina. Limpia a fondo todos los rincones para eliminar migajas y manchas de alimentos. El vinagre es un aliado eficaz para limpiar la cocina y combatir las hormigas.<\/p>\n\n\n\n<p>En el ba\u00f1o, presta especial atenci\u00f3n a la ducha, ya que los ambientes h\u00famedos son propicios para la proliferaci\u00f3n de insectos y malos olores. El vinagre blanco es \u00fatil para eliminar la cal y los olores desagradables.<\/p>\n\n\n\n<p>Revisa la ropa de cama regularmente para asegurarte de que no haya manchas de sudor. Si es necesario, l\u00e1vala con bicarbonato de sodio para blanquearla y eliminar la humedad.<\/p>\n\n\n\n<p><strong>Tareas Semanales<\/strong><\/p>\n\n\n\n<p>Cada semana, limpia los balcones y ventanas, ya que es menos probable que la lluvia y el viento las ensucien en verano. Tambi\u00e9n es importante limpiar muebles y estanter\u00edas, ya que acumulan menos polvo en esta \u00e9poca del a\u00f1o.<\/p>\n\n\n\n<p>Con este plan de limpieza anti-calor, mantendr\u00e1s tu hogar fresco, limpio y acogedor durante toda la temporada de verano.<\/p>\n","protected":false},"excerpt":{"rendered":"<p>Cada d\u00eda, nos esforzamos por mantener la casa ordenada y limpia. Pero en verano, todo se complica. La calor dificulta realizar muchas de las tareas diarias, ya que la fatiga &#8230; <\/p>\n<p class=\"read-more-container\"><a title=\"\u00a1Adopte este plan dom\u00e9stico contra el calor para la temporada estival!\" class=\"read-more button\" href=\"https:\/\/recetasconencanto.com\/index.php\/2024\/03\/27\/adopte-este-plan-domestico-contra-el-calor-para-la-temporada-estival\/#more-13947\" aria-label=\"More on \u00a1Adopte este plan dom\u00e9stico contra el calor para la temporada estival!\">Seguir leyendo<\/a><\/p>\n","protected":false},"author":5,"featured_media":13949,"comment_status":"open","ping_status":"open","sticky":false,"template":"","format":"standard","meta":{"footnotes":""},"categories":[5],"tags":[],"class_list":["post-13947","post","type-post","status-publish","format-standard","has-post-thumbnail","hentry","category-consejos","generate-columns","tablet-grid-50","mobile-grid-100","grid-parent","grid-50","no-featured-image-padding"],"yoast_head":"<!-- This site is optimized with the Yoast SEO Premium plugin v20.5 (Yoast SEO v27.4) - https:\/\/yoast.com\/product\/yoast-seo-premium-wordpress\/ -->\n<title>\u00a1Adopte este plan dom\u00e9stico contra el calor para la temporada estival! - recetas con encanto<\/title>\n<meta name=\"robots\" content=\"index, follow, max-snippet:-1, max-image-preview:large, max-video-preview:-1\" \/>\n<link rel=\"canonical\" href=\"https:\/\/recetasconencanto.com\/index.php\/2024\/03\/27\/adopte-este-plan-domestico-contra-el-calor-para-la-temporada-estival\/\" \/>\n<meta property=\"og:locale\" content=\"en_US\" \/>\n<meta property=\"og:type\" content=\"article\" \/>\n<meta property=\"og:title\" content=\"\u00a1Adopte este plan dom\u00e9stico contra el calor para la temporada estival!\" \/>\n<meta property=\"og:description\" content=\"Cada d\u00eda, nos esforzamos por mantener la casa ordenada y limpia. Pero en verano, todo se complica. La calor dificulta realizar muchas de las tareas diarias, ya que la fatiga ... Seguir leyendo\" \/>\n<meta property=\"og:url\" content=\"https:\/\/recetasconencanto.com\/index.php\/2024\/03\/27\/adopte-este-plan-domestico-contra-el-calor-para-la-temporada-estival\/\" \/>\n<meta property=\"og:site_name\" content=\"recetas con encanto\" \/>\n<meta property=\"article:published_time\" content=\"2024-03-27T02:14:37+00:00\" \/>\n<meta property=\"article:modified_time\" content=\"2024-03-27T02:14:39+00:00\" \/>\n<meta property=\"og:image\" content=\"http:\/\/recetasconencanto.com\/wp-content\/uploads\/2024\/03\/adoptez-ce-plan-menage-anti-chaleur-pendant-la-saison-estivale.jpg\" \/>\n\t<meta property=\"og:image:width\" content=\"1200\" \/>\n\t<meta property=\"og:image:height\" content=\"675\" \/>\n\t<meta property=\"og:image:type\" content=\"image\/jpeg\" \/>\n<meta name=\"author\" content=\"recetasconencanto\" \/>\n<meta name=\"twitter:card\" content=\"summary_large_image\" \/>\n<meta name=\"twitter:label1\" content=\"Written by\" \/>\n\t<meta name=\"twitter:data1\" content=\"recetasconencanto\" \/>\n\t<meta name=\"twitter:label2\" content=\"Est. reading time\" \/>\n\t<meta name=\"twitter:data2\" content=\"2 minutes\" \/>\n<script type=\"application\/ld+json\" class=\"yoast-schema-graph\">{\"@context\":\"https:\\\/\\\/schema.org\",\"@graph\":[{\"@type\":\"Article\",\"@id\":\"https:\\\/\\\/recetasconencanto.com\\\/index.php\\\/2024\\\/03\\\/27\\\/adopte-este-plan-domestico-contra-el-calor-para-la-temporada-estival\\\/#article\",\"isPartOf\":{\"@id\":\"https:\\\/\\\/recetasconencanto.com\\\/index.php\\\/2024\\\/03\\\/27\\\/adopte-este-plan-domestico-contra-el-calor-para-la-temporada-estival\\\/\"},\"author\":{\"name\":\"recetasconencanto\",\"@id\":\"https:\\\/\\\/recetasconencanto.com\\\/#\\\/schema\\\/person\\\/7916575b1106b37594daa6185ed1a4a1\"},\"headline\":\"\u00a1Adopte este plan dom\u00e9stico contra el calor para la temporada estival!\",\"datePublished\":\"2024-03-27T02:14:37+00:00\",\"dateModified\":\"2024-03-27T02:14:39+00:00\",\"mainEntityOfPage\":{\"@id\":\"https:\\\/\\\/recetasconencanto.com\\\/index.php\\\/2024\\\/03\\\/27\\\/adopte-este-plan-domestico-contra-el-calor-para-la-temporada-estival\\\/\"},\"wordCount\":275,\"commentCount\":0,\"publisher\":{\"@id\":\"https:\\\/\\\/recetasconencanto.com\\\/#organization\"},\"image\":{\"@id\":\"https:\\\/\\\/recetasconencanto.com\\\/index.php\\\/2024\\\/03\\\/27\\\/adopte-este-plan-domestico-contra-el-calor-para-la-temporada-estival\\\/#primaryimage\"},\"thumbnailUrl\":\"https:\\\/\\\/recetasconencanto.com\\\/wp-content\\\/uploads\\\/2024\\\/03\\\/adoptez-ce-plan-menage-anti-chaleur-pendant-la-saison-estivale.jpg\",\"articleSection\":[\"consejos\"],\"inLanguage\":\"en-US\",\"potentialAction\":[{\"@type\":\"CommentAction\",\"name\":\"Comment\",\"target\":[\"https:\\\/\\\/recetasconencanto.com\\\/index.php\\\/2024\\\/03\\\/27\\\/adopte-este-plan-domestico-contra-el-calor-para-la-temporada-estival\\\/#respond\"]}]},{\"@type\":\"WebPage\",\"@id\":\"https:\\\/\\\/recetasconencanto.com\\\/index.php\\\/2024\\\/03\\\/27\\\/adopte-este-plan-domestico-contra-el-calor-para-la-temporada-estival\\\/\",\"url\":\"https:\\\/\\\/recetasconencanto.com\\\/index.php\\\/2024\\\/03\\\/27\\\/adopte-este-plan-domestico-contra-el-calor-para-la-temporada-estival\\\/\",\"name\":\"\u00a1Adopte este plan dom\u00e9stico contra el calor para la temporada estival! - recetas con encanto\",\"isPartOf\":{\"@id\":\"https:\\\/\\\/recetasconencanto.com\\\/#website\"},\"primaryImageOfPage\":{\"@id\":\"https:\\\/\\\/recetasconencanto.com\\\/index.php\\\/2024\\\/03\\\/27\\\/adopte-este-plan-domestico-contra-el-calor-para-la-temporada-estival\\\/#primaryimage\"},\"image\":{\"@id\":\"https:\\\/\\\/recetasconencanto.com\\\/index.php\\\/2024\\\/03\\\/27\\\/adopte-este-plan-domestico-contra-el-calor-para-la-temporada-estival\\\/#primaryimage\"},\"thumbnailUrl\":\"https:\\\/\\\/recetasconencanto.com\\\/wp-content\\\/uploads\\\/2024\\\/03\\\/adoptez-ce-plan-menage-anti-chaleur-pendant-la-saison-estivale.jpg\",\"datePublished\":\"2024-03-27T02:14:37+00:00\",\"dateModified\":\"2024-03-27T02:14:39+00:00\",\"breadcrumb\":{\"@id\":\"https:\\\/\\\/recetasconencanto.com\\\/index.php\\\/2024\\\/03\\\/27\\\/adopte-este-plan-domestico-contra-el-calor-para-la-temporada-estival\\\/#breadcrumb\"},\"inLanguage\":\"en-US\",\"potentialAction\":[{\"@type\":\"ReadAction\",\"target\":[\"https:\\\/\\\/recetasconencanto.com\\\/index.php\\\/2024\\\/03\\\/27\\\/adopte-este-plan-domestico-contra-el-calor-para-la-temporada-estival\\\/\"]}]},{\"@type\":\"ImageObject\",\"inLanguage\":\"en-US\",\"@id\":\"https:\\\/\\\/recetasconencanto.com\\\/index.php\\\/2024\\\/03\\\/27\\\/adopte-este-plan-domestico-contra-el-calor-para-la-temporada-estival\\\/#primaryimage\",\"url\":\"https:\\\/\\\/recetasconencanto.com\\\/wp-content\\\/uploads\\\/2024\\\/03\\\/adoptez-ce-plan-menage-anti-chaleur-pendant-la-saison-estivale.jpg\",\"contentUrl\":\"https:\\\/\\\/recetasconencanto.com\\\/wp-content\\\/uploads\\\/2024\\\/03\\\/adoptez-ce-plan-menage-anti-chaleur-pendant-la-saison-estivale.jpg\",\"width\":1200,\"height\":675},{\"@type\":\"BreadcrumbList\",\"@id\":\"https:\\\/\\\/recetasconencanto.com\\\/index.php\\\/2024\\\/03\\\/27\\\/adopte-este-plan-domestico-contra-el-calor-para-la-temporada-estival\\\/#breadcrumb\",\"itemListElement\":[{\"@type\":\"ListItem\",\"position\":1,\"name\":\"Home\",\"item\":\"https:\\\/\\\/recetasconencanto.com\\\/\"},{\"@type\":\"ListItem\",\"position\":2,\"name\":\"\u00a1Adopte este plan dom\u00e9stico contra el calor para la temporada estival!\"}]},{\"@type\":\"WebSite\",\"@id\":\"https:\\\/\\\/recetasconencanto.com\\\/#website\",\"url\":\"https:\\\/\\\/recetasconencanto.com\\\/\",\"name\":\"recetas con encanto\",\"description\":\"\",\"publisher\":{\"@id\":\"https:\\\/\\\/recetasconencanto.com\\\/#organization\"},\"potentialAction\":[{\"@type\":\"SearchAction\",\"target\":{\"@type\":\"EntryPoint\",\"urlTemplate\":\"https:\\\/\\\/recetasconencanto.com\\\/?s={search_term_string}\"},\"query-input\":{\"@type\":\"PropertyValueSpecification\",\"valueRequired\":true,\"valueName\":\"search_term_string\"}}],\"inLanguage\":\"en-US\"},{\"@type\":\"Organization\",\"@id\":\"https:\\\/\\\/recetasconencanto.com\\\/#organization\",\"name\":\"recetas con encanto\",\"url\":\"https:\\\/\\\/recetasconencanto.com\\\/\",\"logo\":{\"@type\":\"ImageObject\",\"inLanguage\":\"en-US\",\"@id\":\"https:\\\/\\\/recetasconencanto.com\\\/#\\\/schema\\\/logo\\\/image\\\/\",\"url\":\"https:\\\/\\\/recetasconencanto.com\\\/wp-content\\\/uploads\\\/2023\\\/12\\\/d5.png\",\"contentUrl\":\"https:\\\/\\\/recetasconencanto.com\\\/wp-content\\\/uploads\\\/2023\\\/12\\\/d5.png\",\"width\":500,\"height\":500,\"caption\":\"recetas con encanto\"},\"image\":{\"@id\":\"https:\\\/\\\/recetasconencanto.com\\\/#\\\/schema\\\/logo\\\/image\\\/\"}},{\"@type\":\"Person\",\"@id\":\"https:\\\/\\\/recetasconencanto.com\\\/#\\\/schema\\\/person\\\/7916575b1106b37594daa6185ed1a4a1\",\"name\":\"recetasconencanto\",\"url\":\"https:\\\/\\\/recetasconencanto.com\\\/index.php\\\/author\\\/recetasconencanto\\\/\"}]}<\/script>\n<!-- \/ Yoast SEO Premium plugin. -->","yoast_head_json":{"title":"\u00a1Adopte este plan dom\u00e9stico contra el calor para la temporada estival! - recetas con encanto","robots":{"index":"index","follow":"follow","max-snippet":"max-snippet:-1","max-image-preview":"max-image-preview:large","max-video-preview":"max-video-preview:-1"},"canonical":"https:\/\/recetasconencanto.com\/index.php\/2024\/03\/27\/adopte-este-plan-domestico-contra-el-calor-para-la-temporada-estival\/","og_locale":"en_US","og_type":"article","og_title":"\u00a1Adopte este plan dom\u00e9stico contra el calor para la temporada estival!","og_description":"Cada d\u00eda, nos esforzamos por mantener la casa ordenada y limpia. Pero en verano, todo se complica. La calor dificulta realizar muchas de las tareas diarias, ya que la fatiga ... Seguir leyendo","og_url":"https:\/\/recetasconencanto.com\/index.php\/2024\/03\/27\/adopte-este-plan-domestico-contra-el-calor-para-la-temporada-estival\/","og_site_name":"recetas con encanto","article_published_time":"2024-03-27T02:14:37+00:00","article_modified_time":"2024-03-27T02:14:39+00:00","og_image":[{"width":1200,"height":675,"url":"http:\/\/recetasconencanto.com\/wp-content\/uploads\/2024\/03\/adoptez-ce-plan-menage-anti-chaleur-pendant-la-saison-estivale.jpg","type":"image\/jpeg"}],"author":"recetasconencanto","twitter_card":"summary_large_image","twitter_misc":{"Written by":"recetasconencanto","Est. reading time":"2 minutes"},"schema":{"@context":"https:\/\/schema.org","@graph":[{"@type":"Article","@id":"https:\/\/recetasconencanto.com\/index.php\/2024\/03\/27\/adopte-este-plan-domestico-contra-el-calor-para-la-temporada-estival\/#article","isPartOf":{"@id":"https:\/\/recetasconencanto.com\/index.php\/2024\/03\/27\/adopte-este-plan-domestico-contra-el-calor-para-la-temporada-estival\/"},"author":{"name":"recetasconencanto","@id":"https:\/\/recetasconencanto.com\/#\/schema\/person\/7916575b1106b37594daa6185ed1a4a1"},"headline":"\u00a1Adopte este plan dom\u00e9stico contra el calor para la temporada estival!","datePublished":"2024-03-27T02:14:37+00:00","dateModified":"2024-03-27T02:14:39+00:00","mainEntityOfPage":{"@id":"https:\/\/recetasconencanto.com\/index.php\/2024\/03\/27\/adopte-este-plan-domestico-contra-el-calor-para-la-temporada-estival\/"},"wordCount":275,"commentCount":0,"publisher":{"@id":"https:\/\/recetasconencanto.com\/#organization"},"image":{"@id":"https:\/\/recetasconencanto.com\/index.php\/2024\/03\/27\/adopte-este-plan-domestico-contra-el-calor-para-la-temporada-estival\/#primaryimage"},"thumbnailUrl":"https:\/\/recetasconencanto.com\/wp-content\/uploads\/2024\/03\/adoptez-ce-plan-menage-anti-chaleur-pendant-la-saison-estivale.jpg","articleSection":["consejos"],"inLanguage":"en-US","potentialAction":[{"@type":"CommentAction","name":"Comment","target":["https:\/\/recetasconencanto.com\/index.php\/2024\/03\/27\/adopte-este-plan-domestico-contra-el-calor-para-la-temporada-estival\/#respond"]}]},{"@type":"WebPage","@id":"https:\/\/recetasconencanto.com\/index.php\/2024\/03\/27\/adopte-este-plan-domestico-contra-el-calor-para-la-temporada-estival\/","url":"https:\/\/recetasconencanto.com\/index.php\/2024\/03\/27\/adopte-este-plan-domestico-contra-el-calor-para-la-temporada-estival\/","name":"\u00a1Adopte este plan dom\u00e9stico contra el calor para la temporada estival! - recetas con encanto","isPartOf":{"@id":"https:\/\/recetasconencanto.com\/#website"},"primaryImageOfPage":{"@id":"https:\/\/recetasconencanto.com\/index.php\/2024\/03\/27\/adopte-este-plan-domestico-contra-el-calor-para-la-temporada-estival\/#primaryimage"},"image":{"@id":"https:\/\/recetasconencanto.com\/index.php\/2024\/03\/27\/adopte-este-plan-domestico-contra-el-calor-para-la-temporada-estival\/#primaryimage"},"thumbnailUrl":"https:\/\/recetasconencanto.com\/wp-content\/uploads\/2024\/03\/adoptez-ce-plan-menage-anti-chaleur-pendant-la-saison-estivale.jpg","datePublished":"2024-03-27T02:14:37+00:00","dateModified":"2024-03-27T02:14:39+00:00","breadcrumb":{"@id":"https:\/\/recetasconencanto.com\/index.php\/2024\/03\/27\/adopte-este-plan-domestico-contra-el-calor-para-la-temporada-estival\/#breadcrumb"},"inLanguage":"en-US","potentialAction":[{"@type":"ReadAction","target":["https:\/\/recetasconencanto.com\/index.php\/2024\/03\/27\/adopte-este-plan-domestico-contra-el-calor-para-la-temporada-estival\/"]}]},{"@type":"ImageObject","inLanguage":"en-US","@id":"https:\/\/recetasconencanto.com\/index.php\/2024\/03\/27\/adopte-este-plan-domestico-contra-el-calor-para-la-temporada-estival\/#primaryimage","url":"https:\/\/recetasconencanto.com\/wp-content\/uploads\/2024\/03\/adoptez-ce-plan-menage-anti-chaleur-pendant-la-saison-estivale.jpg","contentUrl":"https:\/\/recetasconencanto.com\/wp-content\/uploads\/2024\/03\/adoptez-ce-plan-menage-anti-chaleur-pendant-la-saison-estivale.jpg","width":1200,"height":675},{"@type":"BreadcrumbList","@id":"https:\/\/recetasconencanto.com\/index.php\/2024\/03\/27\/adopte-este-plan-domestico-contra-el-calor-para-la-temporada-estival\/#breadcrumb","itemListElement":[{"@type":"ListItem","position":1,"name":"Home","item":"https:\/\/recetasconencanto.com\/"},{"@type":"ListItem","position":2,"name":"\u00a1Adopte este plan dom\u00e9stico contra el calor para la temporada estival!"}]},{"@type":"WebSite","@id":"https:\/\/recetasconencanto.com\/#website","url":"https:\/\/recetasconencanto.com\/","name":"recetas con encanto","description":"","publisher":{"@id":"https:\/\/recetasconencanto.com\/#organization"},"potentialAction":[{"@type":"SearchAction","target":{"@type":"EntryPoint","urlTemplate":"https:\/\/recetasconencanto.com\/?s={search_term_string}"},"query-input":{"@type":"PropertyValueSpecification","valueRequired":true,"valueName":"search_term_string"}}],"inLanguage":"en-US"},{"@type":"Organization","@id":"https:\/\/recetasconencanto.com\/#organization","name":"recetas con encanto","url":"https:\/\/recetasconencanto.com\/","logo":{"@type":"ImageObject","inLanguage":"en-US","@id":"https:\/\/recetasconencanto.com\/#\/schema\/logo\/image\/","url":"https:\/\/recetasconencanto.com\/wp-content\/uploads\/2023\/12\/d5.png","contentUrl":"https:\/\/recetasconencanto.com\/wp-content\/uploads\/2023\/12\/d5.png","width":500,"height":500,"caption":"recetas con encanto"},"image":{"@id":"https:\/\/recetasconencanto.com\/#\/schema\/logo\/image\/"}},{"@type":"Person","@id":"https:\/\/recetasconencanto.com\/#\/schema\/person\/7916575b1106b37594daa6185ed1a4a1","name":"recetasconencanto","url":"https:\/\/recetasconencanto.com\/index.php\/author\/recetasconencanto\/"}]}},"_links":{"self":[{"href":"https:\/\/recetasconencanto.com\/index.php\/wp-json\/wp\/v2\/posts\/13947","targetHints":{"allow":["GET"]}}],"collection":[{"href":"https:\/\/recetasconencanto.com\/index.php\/wp-json\/wp\/v2\/posts"}],"about":[{"href":"https:\/\/recetasconencanto.com\/index.php\/wp-json\/wp\/v2\/types\/post"}],"author":[{"embeddable":true,"href":"https:\/\/recetasconencanto.com\/index.php\/wp-json\/wp\/v2\/users\/5"}],"replies":[{"embeddable":true,"href":"https:\/\/recetasconencanto.com\/index.php\/wp-json\/wp\/v2\/comments?post=13947"}],"version-history":[{"count":1,"href":"https:\/\/recetasconencanto.com\/index.php\/wp-json\/wp\/v2\/posts\/13947\/revisions"}],"predecessor-version":[{"id":13950,"href":"https:\/\/recetasconencanto.com\/index.php\/wp-json\/wp\/v2\/posts\/13947\/revisions\/13950"}],"wp:featuredmedia":[{"embeddable":true,"href":"https:\/\/recetasconencanto.com\/index.php\/wp-json\/wp\/v2\/media\/13949"}],"wp:attachment":[{"href":"https:\/\/recetasconencanto.com\/index.php\/wp-json\/wp\/v2\/media?parent=13947"}],"wp:term":[{"taxonomy":"category","embeddable":true,"href":"https:\/\/recetasconencanto.com\/index.php\/wp-json\/wp\/v2\/categories?post=13947"},{"taxonomy":"post_tag","embeddable":true,"href":"https:\/\/recetasconencanto.com\/index.php\/wp-json\/wp\/v2\/tags?post=13947"}],"curies":[{"name":"wp","href":"https:\/\/api.w.org\/{rel}","templated":true}]}}