{"id":14226,"date":"2024-03-29T06:08:45","date_gmt":"2024-03-29T06:08:45","guid":{"rendered":"https:\/\/recetasconencanto.com\/?p=14226"},"modified":"2024-03-29T06:08:47","modified_gmt":"2024-03-29T06:08:47","slug":"semilla-de-manzana-en-el-frigorifico-que-encuentras-a-los-20-dias-si-la-dejas-ahi","status":"publish","type":"post","link":"https:\/\/recetasconencanto.com\/index.php\/2024\/03\/29\/semilla-de-manzana-en-el-frigorifico-que-encuentras-a-los-20-dias-si-la-dejas-ahi\/","title":{"rendered":"Semilla de manzana en el frigor\u00edfico: qu\u00e9 encuentras a los 20 d\u00edas si la dejas ah\u00ed"},"content":{"rendered":"\n<p>La manzana, una fruta que disfrutamos en todas las estaciones, no solo es deliciosa sino tambi\u00e9n posee numerosas propiedades beneficiosas para la salud. Pero, \u00bfsab\u00edas que las semillas de manzana guardan un secreto sorprendente? Si colocas una semilla en tu frigor\u00edfico durante veinte d\u00edas consecutivos, presenciar\u00e1s un fen\u00f3meno extraordinario: \u00a1la germinaci\u00f3n de la semilla!<\/p>\n\n\n\n<figure class=\"wp-block-image size-full is-resized\"><img loading=\"lazy\" decoding=\"async\" width=\"889\" height=\"500\" src=\"https:\/\/recetasconencanto.com\/wp-content\/uploads\/2024\/03\/image-18-19.jpg\" alt=\"\" class=\"wp-image-14229\" style=\"width:500px;height:auto\" srcset=\"https:\/\/recetasconencanto.com\/wp-content\/uploads\/2024\/03\/image-18-19.jpg 889w, https:\/\/recetasconencanto.com\/wp-content\/uploads\/2024\/03\/image-18-19-300x169.jpg 300w, https:\/\/recetasconencanto.com\/wp-content\/uploads\/2024\/03\/image-18-19-768x432.jpg 768w\" sizes=\"auto, (max-width: 889px) 100vw, 889px\" \/><\/figure>\n\n\n\n<p><strong>C\u00f3mo Cultivar una Pl\u00e1ntula a partir de una Semilla de Manzana<\/strong><\/p>\n\n\n\n<p>El proceso es sencillo y fascinante. Simplemente corta una manzana por la mitad y extrae las semillas de su interior. Luego, sigue estos pasos:<\/p>\n\n\n\n<ol class=\"wp-block-list\">\n<li><strong>Vernalizaci\u00f3n:<\/strong> Humedece una servilleta y col\u00f3cala en el fondo de una bandeja de pl\u00e1stico herm\u00e9tica. Coloca las semillas encima de la servilleta y c\u00fabrelas con otra capa de servilleta humedecida. Cierra bien el recipiente y col\u00f3calo en la secci\u00f3n de huevos del frigor\u00edfico. Este proceso imita las condiciones de invierno que estimulan la germinaci\u00f3n de las semillas.<\/li>\n\n\n\n<li><strong>Observa el Proceso:<\/strong> Despu\u00e9s de aproximadamente diez d\u00edas, notar\u00e1s un cambio en la servilleta, que se volver\u00e1 marr\u00f3n. Las semillas comenzar\u00e1n a abrirse y aparecer\u00e1 el primer brote. Es hora de trasladar las semillas germinadas a una maceta con tierra drenante. Planta las semillas a una profundidad de al menos 1 cm con el brote hacia abajo. Coloca la maceta en un lugar con luz indirecta.<\/li>\n\n\n\n<li><strong>Cuidado y Crecimiento:<\/strong> Evita la luz solar directa, ya que puede secar la tierra demasiado r\u00e1pido y afectar el crecimiento de la pl\u00e1ntula. En unos cinco d\u00edas, la planta comenzar\u00e1 a brotar vigorosamente. Despu\u00e9s de veinte d\u00edas, ver\u00e1s hojas saludables creciendo en la maceta. Permite que la planta crezca un poco m\u00e1s antes de trasplantarla a una maceta m\u00e1s grande o directamente en el suelo, seg\u00fan tu preferencia.<\/li>\n<\/ol>\n\n\n\n<p>Con este simple experimento, podr\u00e1s disfrutar del proceso de cultivo y admirar c\u00f3mo una peque\u00f1a semilla de manzana se transforma en una hermosa pl\u00e1ntula. \u00a1An\u00edmate a probarlo y marav\u00edllate con la magia de la naturaleza!<\/p>\n","protected":false},"excerpt":{"rendered":"<p>La manzana, una fruta que disfrutamos en todas las estaciones, no solo es deliciosa sino tambi\u00e9n posee numerosas propiedades beneficiosas para la salud. Pero, \u00bfsab\u00edas que las semillas de manzana &#8230; <\/p>\n<p class=\"read-more-container\"><a title=\"Semilla de manzana en el frigor\u00edfico: qu\u00e9 encuentras a los 20 d\u00edas si la dejas ah\u00ed\" class=\"read-more button\" href=\"https:\/\/recetasconencanto.com\/index.php\/2024\/03\/29\/semilla-de-manzana-en-el-frigorifico-que-encuentras-a-los-20-dias-si-la-dejas-ahi\/#more-14226\" aria-label=\"More on Semilla de manzana en el frigor\u00edfico: qu\u00e9 encuentras a los 20 d\u00edas si la dejas ah\u00ed\">Seguir leyendo<\/a><\/p>\n","protected":false},"author":5,"featured_media":14228,"comment_status":"open","ping_status":"open","sticky":false,"template":"","format":"standard","meta":{"footnotes":""},"categories":[5],"tags":[],"class_list":["post-14226","post","type-post","status-publish","format-standard","has-post-thumbnail","hentry","category-consejos","generate-columns","tablet-grid-50","mobile-grid-100","grid-parent","grid-50","no-featured-image-padding"],"yoast_head":"<!-- This site is optimized with the Yoast SEO Premium plugin v20.5 (Yoast SEO v27.4) - https:\/\/yoast.com\/product\/yoast-seo-premium-wordpress\/ -->\n<title>Semilla de manzana en el frigor\u00edfico: qu\u00e9 encuentras a los 20 d\u00edas si la dejas ah\u00ed - recetas con encanto<\/title>\n<meta name=\"robots\" content=\"index, follow, max-snippet:-1, max-image-preview:large, max-video-preview:-1\" \/>\n<link rel=\"canonical\" href=\"https:\/\/recetasconencanto.com\/index.php\/2024\/03\/29\/semilla-de-manzana-en-el-frigorifico-que-encuentras-a-los-20-dias-si-la-dejas-ahi\/\" \/>\n<meta property=\"og:locale\" content=\"en_US\" \/>\n<meta property=\"og:type\" content=\"article\" \/>\n<meta property=\"og:title\" content=\"Semilla de manzana en el frigor\u00edfico: qu\u00e9 encuentras a los 20 d\u00edas si la dejas ah\u00ed\" \/>\n<meta property=\"og:description\" content=\"La manzana, una fruta que disfrutamos en todas las estaciones, no solo es deliciosa sino tambi\u00e9n posee numerosas propiedades beneficiosas para la salud. Pero, \u00bfsab\u00edas que las semillas de manzana ... Seguir leyendo\" \/>\n<meta property=\"og:url\" content=\"https:\/\/recetasconencanto.com\/index.php\/2024\/03\/29\/semilla-de-manzana-en-el-frigorifico-que-encuentras-a-los-20-dias-si-la-dejas-ahi\/\" \/>\n<meta property=\"og:site_name\" content=\"recetas con encanto\" \/>\n<meta property=\"article:published_time\" content=\"2024-03-29T06:08:45+00:00\" \/>\n<meta property=\"article:modified_time\" content=\"2024-03-29T06:08:47+00:00\" \/>\n<meta property=\"og:image\" content=\"http:\/\/recetasconencanto.com\/wp-content\/uploads\/2024\/03\/semi-mela-lasciali-in-frigo-1024x576-1.webp\" \/>\n\t<meta property=\"og:image:width\" content=\"889\" \/>\n\t<meta property=\"og:image:height\" content=\"500\" \/>\n\t<meta property=\"og:image:type\" content=\"image\/webp\" \/>\n<meta name=\"author\" content=\"recetasconencanto\" \/>\n<meta name=\"twitter:card\" content=\"summary_large_image\" \/>\n<meta name=\"twitter:label1\" content=\"Written by\" \/>\n\t<meta name=\"twitter:data1\" content=\"recetasconencanto\" \/>\n\t<meta name=\"twitter:label2\" content=\"Est. reading time\" \/>\n\t<meta name=\"twitter:data2\" content=\"2 minutes\" \/>\n<script type=\"application\/ld+json\" class=\"yoast-schema-graph\">{\"@context\":\"https:\\\/\\\/schema.org\",\"@graph\":[{\"@type\":\"Article\",\"@id\":\"https:\\\/\\\/recetasconencanto.com\\\/index.php\\\/2024\\\/03\\\/29\\\/semilla-de-manzana-en-el-frigorifico-que-encuentras-a-los-20-dias-si-la-dejas-ahi\\\/#article\",\"isPartOf\":{\"@id\":\"https:\\\/\\\/recetasconencanto.com\\\/index.php\\\/2024\\\/03\\\/29\\\/semilla-de-manzana-en-el-frigorifico-que-encuentras-a-los-20-dias-si-la-dejas-ahi\\\/\"},\"author\":{\"name\":\"recetasconencanto\",\"@id\":\"https:\\\/\\\/recetasconencanto.com\\\/#\\\/schema\\\/person\\\/7916575b1106b37594daa6185ed1a4a1\"},\"headline\":\"Semilla de manzana en el frigor\u00edfico: qu\u00e9 encuentras a los 20 d\u00edas si la dejas ah\u00ed\",\"datePublished\":\"2024-03-29T06:08:45+00:00\",\"dateModified\":\"2024-03-29T06:08:47+00:00\",\"mainEntityOfPage\":{\"@id\":\"https:\\\/\\\/recetasconencanto.com\\\/index.php\\\/2024\\\/03\\\/29\\\/semilla-de-manzana-en-el-frigorifico-que-encuentras-a-los-20-dias-si-la-dejas-ahi\\\/\"},\"wordCount\":369,\"commentCount\":0,\"publisher\":{\"@id\":\"https:\\\/\\\/recetasconencanto.com\\\/#organization\"},\"image\":{\"@id\":\"https:\\\/\\\/recetasconencanto.com\\\/index.php\\\/2024\\\/03\\\/29\\\/semilla-de-manzana-en-el-frigorifico-que-encuentras-a-los-20-dias-si-la-dejas-ahi\\\/#primaryimage\"},\"thumbnailUrl\":\"https:\\\/\\\/recetasconencanto.com\\\/wp-content\\\/uploads\\\/2024\\\/03\\\/semi-mela-lasciali-in-frigo-1024x576-1.webp\",\"articleSection\":[\"consejos\"],\"inLanguage\":\"en-US\",\"potentialAction\":[{\"@type\":\"CommentAction\",\"name\":\"Comment\",\"target\":[\"https:\\\/\\\/recetasconencanto.com\\\/index.php\\\/2024\\\/03\\\/29\\\/semilla-de-manzana-en-el-frigorifico-que-encuentras-a-los-20-dias-si-la-dejas-ahi\\\/#respond\"]}]},{\"@type\":\"WebPage\",\"@id\":\"https:\\\/\\\/recetasconencanto.com\\\/index.php\\\/2024\\\/03\\\/29\\\/semilla-de-manzana-en-el-frigorifico-que-encuentras-a-los-20-dias-si-la-dejas-ahi\\\/\",\"url\":\"https:\\\/\\\/recetasconencanto.com\\\/index.php\\\/2024\\\/03\\\/29\\\/semilla-de-manzana-en-el-frigorifico-que-encuentras-a-los-20-dias-si-la-dejas-ahi\\\/\",\"name\":\"Semilla de manzana en el frigor\u00edfico: qu\u00e9 encuentras a los 20 d\u00edas si la dejas ah\u00ed - recetas con encanto\",\"isPartOf\":{\"@id\":\"https:\\\/\\\/recetasconencanto.com\\\/#website\"},\"primaryImageOfPage\":{\"@id\":\"https:\\\/\\\/recetasconencanto.com\\\/index.php\\\/2024\\\/03\\\/29\\\/semilla-de-manzana-en-el-frigorifico-que-encuentras-a-los-20-dias-si-la-dejas-ahi\\\/#primaryimage\"},\"image\":{\"@id\":\"https:\\\/\\\/recetasconencanto.com\\\/index.php\\\/2024\\\/03\\\/29\\\/semilla-de-manzana-en-el-frigorifico-que-encuentras-a-los-20-dias-si-la-dejas-ahi\\\/#primaryimage\"},\"thumbnailUrl\":\"https:\\\/\\\/recetasconencanto.com\\\/wp-content\\\/uploads\\\/2024\\\/03\\\/semi-mela-lasciali-in-frigo-1024x576-1.webp\",\"datePublished\":\"2024-03-29T06:08:45+00:00\",\"dateModified\":\"2024-03-29T06:08:47+00:00\",\"breadcrumb\":{\"@id\":\"https:\\\/\\\/recetasconencanto.com\\\/index.php\\\/2024\\\/03\\\/29\\\/semilla-de-manzana-en-el-frigorifico-que-encuentras-a-los-20-dias-si-la-dejas-ahi\\\/#breadcrumb\"},\"inLanguage\":\"en-US\",\"potentialAction\":[{\"@type\":\"ReadAction\",\"target\":[\"https:\\\/\\\/recetasconencanto.com\\\/index.php\\\/2024\\\/03\\\/29\\\/semilla-de-manzana-en-el-frigorifico-que-encuentras-a-los-20-dias-si-la-dejas-ahi\\\/\"]}]},{\"@type\":\"ImageObject\",\"inLanguage\":\"en-US\",\"@id\":\"https:\\\/\\\/recetasconencanto.com\\\/index.php\\\/2024\\\/03\\\/29\\\/semilla-de-manzana-en-el-frigorifico-que-encuentras-a-los-20-dias-si-la-dejas-ahi\\\/#primaryimage\",\"url\":\"https:\\\/\\\/recetasconencanto.com\\\/wp-content\\\/uploads\\\/2024\\\/03\\\/semi-mela-lasciali-in-frigo-1024x576-1.webp\",\"contentUrl\":\"https:\\\/\\\/recetasconencanto.com\\\/wp-content\\\/uploads\\\/2024\\\/03\\\/semi-mela-lasciali-in-frigo-1024x576-1.webp\",\"width\":889,\"height\":500},{\"@type\":\"BreadcrumbList\",\"@id\":\"https:\\\/\\\/recetasconencanto.com\\\/index.php\\\/2024\\\/03\\\/29\\\/semilla-de-manzana-en-el-frigorifico-que-encuentras-a-los-20-dias-si-la-dejas-ahi\\\/#breadcrumb\",\"itemListElement\":[{\"@type\":\"ListItem\",\"position\":1,\"name\":\"Home\",\"item\":\"https:\\\/\\\/recetasconencanto.com\\\/\"},{\"@type\":\"ListItem\",\"position\":2,\"name\":\"Semilla de manzana en el frigor\u00edfico: qu\u00e9 encuentras a los 20 d\u00edas si la dejas ah\u00ed\"}]},{\"@type\":\"WebSite\",\"@id\":\"https:\\\/\\\/recetasconencanto.com\\\/#website\",\"url\":\"https:\\\/\\\/recetasconencanto.com\\\/\",\"name\":\"recetas con encanto\",\"description\":\"\",\"publisher\":{\"@id\":\"https:\\\/\\\/recetasconencanto.com\\\/#organization\"},\"potentialAction\":[{\"@type\":\"SearchAction\",\"target\":{\"@type\":\"EntryPoint\",\"urlTemplate\":\"https:\\\/\\\/recetasconencanto.com\\\/?s={search_term_string}\"},\"query-input\":{\"@type\":\"PropertyValueSpecification\",\"valueRequired\":true,\"valueName\":\"search_term_string\"}}],\"inLanguage\":\"en-US\"},{\"@type\":\"Organization\",\"@id\":\"https:\\\/\\\/recetasconencanto.com\\\/#organization\",\"name\":\"recetas con encanto\",\"url\":\"https:\\\/\\\/recetasconencanto.com\\\/\",\"logo\":{\"@type\":\"ImageObject\",\"inLanguage\":\"en-US\",\"@id\":\"https:\\\/\\\/recetasconencanto.com\\\/#\\\/schema\\\/logo\\\/image\\\/\",\"url\":\"https:\\\/\\\/recetasconencanto.com\\\/wp-content\\\/uploads\\\/2023\\\/12\\\/d5.png\",\"contentUrl\":\"https:\\\/\\\/recetasconencanto.com\\\/wp-content\\\/uploads\\\/2023\\\/12\\\/d5.png\",\"width\":500,\"height\":500,\"caption\":\"recetas con encanto\"},\"image\":{\"@id\":\"https:\\\/\\\/recetasconencanto.com\\\/#\\\/schema\\\/logo\\\/image\\\/\"}},{\"@type\":\"Person\",\"@id\":\"https:\\\/\\\/recetasconencanto.com\\\/#\\\/schema\\\/person\\\/7916575b1106b37594daa6185ed1a4a1\",\"name\":\"recetasconencanto\",\"url\":\"https:\\\/\\\/recetasconencanto.com\\\/index.php\\\/author\\\/recetasconencanto\\\/\"}]}<\/script>\n<!-- \/ Yoast SEO Premium plugin. -->","yoast_head_json":{"title":"Semilla de manzana en el frigor\u00edfico: qu\u00e9 encuentras a los 20 d\u00edas si la dejas ah\u00ed - recetas con encanto","robots":{"index":"index","follow":"follow","max-snippet":"max-snippet:-1","max-image-preview":"max-image-preview:large","max-video-preview":"max-video-preview:-1"},"canonical":"https:\/\/recetasconencanto.com\/index.php\/2024\/03\/29\/semilla-de-manzana-en-el-frigorifico-que-encuentras-a-los-20-dias-si-la-dejas-ahi\/","og_locale":"en_US","og_type":"article","og_title":"Semilla de manzana en el frigor\u00edfico: qu\u00e9 encuentras a los 20 d\u00edas si la dejas ah\u00ed","og_description":"La manzana, una fruta que disfrutamos en todas las estaciones, no solo es deliciosa sino tambi\u00e9n posee numerosas propiedades beneficiosas para la salud. Pero, \u00bfsab\u00edas que las semillas de manzana ... Seguir leyendo","og_url":"https:\/\/recetasconencanto.com\/index.php\/2024\/03\/29\/semilla-de-manzana-en-el-frigorifico-que-encuentras-a-los-20-dias-si-la-dejas-ahi\/","og_site_name":"recetas con encanto","article_published_time":"2024-03-29T06:08:45+00:00","article_modified_time":"2024-03-29T06:08:47+00:00","og_image":[{"width":889,"height":500,"url":"http:\/\/recetasconencanto.com\/wp-content\/uploads\/2024\/03\/semi-mela-lasciali-in-frigo-1024x576-1.webp","type":"image\/webp"}],"author":"recetasconencanto","twitter_card":"summary_large_image","twitter_misc":{"Written by":"recetasconencanto","Est. reading time":"2 minutes"},"schema":{"@context":"https:\/\/schema.org","@graph":[{"@type":"Article","@id":"https:\/\/recetasconencanto.com\/index.php\/2024\/03\/29\/semilla-de-manzana-en-el-frigorifico-que-encuentras-a-los-20-dias-si-la-dejas-ahi\/#article","isPartOf":{"@id":"https:\/\/recetasconencanto.com\/index.php\/2024\/03\/29\/semilla-de-manzana-en-el-frigorifico-que-encuentras-a-los-20-dias-si-la-dejas-ahi\/"},"author":{"name":"recetasconencanto","@id":"https:\/\/recetasconencanto.com\/#\/schema\/person\/7916575b1106b37594daa6185ed1a4a1"},"headline":"Semilla de manzana en el frigor\u00edfico: qu\u00e9 encuentras a los 20 d\u00edas si la dejas ah\u00ed","datePublished":"2024-03-29T06:08:45+00:00","dateModified":"2024-03-29T06:08:47+00:00","mainEntityOfPage":{"@id":"https:\/\/recetasconencanto.com\/index.php\/2024\/03\/29\/semilla-de-manzana-en-el-frigorifico-que-encuentras-a-los-20-dias-si-la-dejas-ahi\/"},"wordCount":369,"commentCount":0,"publisher":{"@id":"https:\/\/recetasconencanto.com\/#organization"},"image":{"@id":"https:\/\/recetasconencanto.com\/index.php\/2024\/03\/29\/semilla-de-manzana-en-el-frigorifico-que-encuentras-a-los-20-dias-si-la-dejas-ahi\/#primaryimage"},"thumbnailUrl":"https:\/\/recetasconencanto.com\/wp-content\/uploads\/2024\/03\/semi-mela-lasciali-in-frigo-1024x576-1.webp","articleSection":["consejos"],"inLanguage":"en-US","potentialAction":[{"@type":"CommentAction","name":"Comment","target":["https:\/\/recetasconencanto.com\/index.php\/2024\/03\/29\/semilla-de-manzana-en-el-frigorifico-que-encuentras-a-los-20-dias-si-la-dejas-ahi\/#respond"]}]},{"@type":"WebPage","@id":"https:\/\/recetasconencanto.com\/index.php\/2024\/03\/29\/semilla-de-manzana-en-el-frigorifico-que-encuentras-a-los-20-dias-si-la-dejas-ahi\/","url":"https:\/\/recetasconencanto.com\/index.php\/2024\/03\/29\/semilla-de-manzana-en-el-frigorifico-que-encuentras-a-los-20-dias-si-la-dejas-ahi\/","name":"Semilla de manzana en el frigor\u00edfico: qu\u00e9 encuentras a los 20 d\u00edas si la dejas ah\u00ed - recetas con encanto","isPartOf":{"@id":"https:\/\/recetasconencanto.com\/#website"},"primaryImageOfPage":{"@id":"https:\/\/recetasconencanto.com\/index.php\/2024\/03\/29\/semilla-de-manzana-en-el-frigorifico-que-encuentras-a-los-20-dias-si-la-dejas-ahi\/#primaryimage"},"image":{"@id":"https:\/\/recetasconencanto.com\/index.php\/2024\/03\/29\/semilla-de-manzana-en-el-frigorifico-que-encuentras-a-los-20-dias-si-la-dejas-ahi\/#primaryimage"},"thumbnailUrl":"https:\/\/recetasconencanto.com\/wp-content\/uploads\/2024\/03\/semi-mela-lasciali-in-frigo-1024x576-1.webp","datePublished":"2024-03-29T06:08:45+00:00","dateModified":"2024-03-29T06:08:47+00:00","breadcrumb":{"@id":"https:\/\/recetasconencanto.com\/index.php\/2024\/03\/29\/semilla-de-manzana-en-el-frigorifico-que-encuentras-a-los-20-dias-si-la-dejas-ahi\/#breadcrumb"},"inLanguage":"en-US","potentialAction":[{"@type":"ReadAction","target":["https:\/\/recetasconencanto.com\/index.php\/2024\/03\/29\/semilla-de-manzana-en-el-frigorifico-que-encuentras-a-los-20-dias-si-la-dejas-ahi\/"]}]},{"@type":"ImageObject","inLanguage":"en-US","@id":"https:\/\/recetasconencanto.com\/index.php\/2024\/03\/29\/semilla-de-manzana-en-el-frigorifico-que-encuentras-a-los-20-dias-si-la-dejas-ahi\/#primaryimage","url":"https:\/\/recetasconencanto.com\/wp-content\/uploads\/2024\/03\/semi-mela-lasciali-in-frigo-1024x576-1.webp","contentUrl":"https:\/\/recetasconencanto.com\/wp-content\/uploads\/2024\/03\/semi-mela-lasciali-in-frigo-1024x576-1.webp","width":889,"height":500},{"@type":"BreadcrumbList","@id":"https:\/\/recetasconencanto.com\/index.php\/2024\/03\/29\/semilla-de-manzana-en-el-frigorifico-que-encuentras-a-los-20-dias-si-la-dejas-ahi\/#breadcrumb","itemListElement":[{"@type":"ListItem","position":1,"name":"Home","item":"https:\/\/recetasconencanto.com\/"},{"@type":"ListItem","position":2,"name":"Semilla de manzana en el frigor\u00edfico: qu\u00e9 encuentras a los 20 d\u00edas si la dejas ah\u00ed"}]},{"@type":"WebSite","@id":"https:\/\/recetasconencanto.com\/#website","url":"https:\/\/recetasconencanto.com\/","name":"recetas con encanto","description":"","publisher":{"@id":"https:\/\/recetasconencanto.com\/#organization"},"potentialAction":[{"@type":"SearchAction","target":{"@type":"EntryPoint","urlTemplate":"https:\/\/recetasconencanto.com\/?s={search_term_string}"},"query-input":{"@type":"PropertyValueSpecification","valueRequired":true,"valueName":"search_term_string"}}],"inLanguage":"en-US"},{"@type":"Organization","@id":"https:\/\/recetasconencanto.com\/#organization","name":"recetas con encanto","url":"https:\/\/recetasconencanto.com\/","logo":{"@type":"ImageObject","inLanguage":"en-US","@id":"https:\/\/recetasconencanto.com\/#\/schema\/logo\/image\/","url":"https:\/\/recetasconencanto.com\/wp-content\/uploads\/2023\/12\/d5.png","contentUrl":"https:\/\/recetasconencanto.com\/wp-content\/uploads\/2023\/12\/d5.png","width":500,"height":500,"caption":"recetas con encanto"},"image":{"@id":"https:\/\/recetasconencanto.com\/#\/schema\/logo\/image\/"}},{"@type":"Person","@id":"https:\/\/recetasconencanto.com\/#\/schema\/person\/7916575b1106b37594daa6185ed1a4a1","name":"recetasconencanto","url":"https:\/\/recetasconencanto.com\/index.php\/author\/recetasconencanto\/"}]}},"_links":{"self":[{"href":"https:\/\/recetasconencanto.com\/index.php\/wp-json\/wp\/v2\/posts\/14226","targetHints":{"allow":["GET"]}}],"collection":[{"href":"https:\/\/recetasconencanto.com\/index.php\/wp-json\/wp\/v2\/posts"}],"about":[{"href":"https:\/\/recetasconencanto.com\/index.php\/wp-json\/wp\/v2\/types\/post"}],"author":[{"embeddable":true,"href":"https:\/\/recetasconencanto.com\/index.php\/wp-json\/wp\/v2\/users\/5"}],"replies":[{"embeddable":true,"href":"https:\/\/recetasconencanto.com\/index.php\/wp-json\/wp\/v2\/comments?post=14226"}],"version-history":[{"count":1,"href":"https:\/\/recetasconencanto.com\/index.php\/wp-json\/wp\/v2\/posts\/14226\/revisions"}],"predecessor-version":[{"id":14230,"href":"https:\/\/recetasconencanto.com\/index.php\/wp-json\/wp\/v2\/posts\/14226\/revisions\/14230"}],"wp:featuredmedia":[{"embeddable":true,"href":"https:\/\/recetasconencanto.com\/index.php\/wp-json\/wp\/v2\/media\/14228"}],"wp:attachment":[{"href":"https:\/\/recetasconencanto.com\/index.php\/wp-json\/wp\/v2\/media?parent=14226"}],"wp:term":[{"taxonomy":"category","embeddable":true,"href":"https:\/\/recetasconencanto.com\/index.php\/wp-json\/wp\/v2\/categories?post=14226"},{"taxonomy":"post_tag","embeddable":true,"href":"https:\/\/recetasconencanto.com\/index.php\/wp-json\/wp\/v2\/tags?post=14226"}],"curies":[{"name":"wp","href":"https:\/\/api.w.org\/{rel}","templated":true}]}}