{"id":345,"date":"2023-04-25T00:14:48","date_gmt":"2023-04-25T00:14:48","guid":{"rendered":"https:\/\/recetasconencanto.com\/?p=345"},"modified":"2023-04-25T00:14:48","modified_gmt":"2023-04-25T00:14:48","slug":"se-acabaron-los-platanos-podridos-y-negros-a-los-pocos-dias-con-este-metodo-duraran-2-anos","status":"publish","type":"post","link":"https:\/\/recetasconencanto.com\/index.php\/2023\/04\/25\/se-acabaron-los-platanos-podridos-y-negros-a-los-pocos-dias-con-este-metodo-duraran-2-anos\/","title":{"rendered":"Se acabaron los pl\u00e1tanos podridos y negros a los pocos d\u00edas: con este m\u00e9todo durar\u00e1n 2 a\u00f1os"},"content":{"rendered":"<p>Los pl\u00e1tanos son una fruta muy popular en todo el mundo por su sabor dulce y su textura blanda. Sin embargo, su vida \u00fatil puede ser relativamente corta, especialmente si no sabes c\u00f3mo almacenarlos adecuadamente. En este art\u00edculo, hablaremos de algunos m\u00e9todos de conservaci\u00f3n de los pl\u00e1tanos para alargar su vida \u00fatil.<\/p>\n<h4><strong>1- Conservar los pl\u00e1tanos a temperatura ambiente<\/strong><\/h4>\n<p> El m\u00e9todo m\u00e1s sencillo para conservar los pl\u00e1tanos es dejarlos a temperatura ambiente. Los pl\u00e1tanos deben almacenarse a una temperatura de entre 12 y 15 grados cent\u00edgrados. Evita colocarlos en lugares donde la temperatura sea demasiado caliente o demasiado fr\u00eda, ya que esto puede afectar a su calidad.<\/p>\n<p>Al comprar pl\u00e1tanos, es importante comprobar si est\u00e1n maduros o no. Los pl\u00e1tanos maduros deben consumirse en los dos d\u00edas siguientes a su compra. Los pl\u00e1tanos verdes, en cambio, pueden conservarse a temperatura ambiente durante varios d\u00edas.<\/p>\n<h4><strong>2 &#8211; Utiliza una bolsa de pl\u00e1stico para guardar los pl\u00e1tanos<\/strong><\/h4>\n<p> Si quieres conservar los pl\u00e1tanos durante m\u00e1s tiempo, puedes colocarlos en una bolsa de pl\u00e1stico. Esto ayudar\u00e1 a atrapar el etileno, un gas que los pl\u00e1tanos producen de forma natural a medida que maduran. Cuando metas los pl\u00e1tanos en una bolsa de pl\u00e1stico, aseg\u00farate de eliminar el aire de la bolsa y de cerrarla herm\u00e9ticamente. Esto evitar\u00e1 que se escape el etileno y alargar\u00e1 la vida de los pl\u00e1tanos.<\/p>\n<h4><strong>3 &#8211; Utiliza film de pl\u00e1stico para guardar los pl\u00e1tanos cortados<\/strong><\/h4>\n<p> Si has cortado un pl\u00e1tano en rodajas, puedes guardarlas envolvi\u00e9ndolas en film de pl\u00e1stico. Aseg\u00farate de que el film pl\u00e1stico est\u00e1 en estrecho contacto con las rodajas de pl\u00e1tano para minimizar la oxidaci\u00f3n. Envu\u00e9lvelo en una bolsa de pl\u00e1stico y gu\u00e1rdalo en el frigor\u00edfico.<\/p>\n<div>\n<h4><strong>4 &#8211; Congela los pl\u00e1tanos para alargar su vida \u00fatil<\/strong><\/h4>\n<p> Si tienes pl\u00e1tanos maduros y no puedes comerlos antes de que se estropeen, puedes congelarlos. Pela los pl\u00e1tanos y c\u00f3rtalos en trozos. M\u00e9telos en una bolsa de pl\u00e1stico y cong\u00e9lalos. Los pl\u00e1tanos congelados se pueden utilizar para hacer batidos, magdalenas y otras recetas.<\/p>\n<h4><strong>5 &#8211; Utiliza zumo de lim\u00f3n para evitar la oxidaci\u00f3n<\/strong><\/h4>\n<p> Si quieres cortar un pl\u00e1tano pero quieres evitar que se ponga marr\u00f3n, puedes frotar las rodajas con un poco de zumo de lim\u00f3n. El zumo de lim\u00f3n evitar\u00e1 la oxidaci\u00f3n y alargar\u00e1 la vida de los pl\u00e1tanos cortados.<\/p>\n<p>En conclusi\u00f3n, hay muchas formas de conservar los pl\u00e1tanos para alargar su vida \u00fatil. Ya sea almacen\u00e1ndolos a temperatura ambiente, en una bolsa de pl\u00e1stico o congel\u00e1ndolos, es importante elegir el m\u00e9todo que mejor se adapte a tus necesidades.<\/p>\n<\/div>\n<div>\n","protected":false},"excerpt":{"rendered":"<p>Los pl\u00e1tanos son una fruta muy popular en todo el mundo por su sabor dulce y su textura blanda. Sin embargo, su vida \u00fatil puede ser relativamente corta, especialmente si &#8230; <\/p>\n<p class=\"read-more-container\"><a title=\"Se acabaron los pl\u00e1tanos podridos y negros a los pocos d\u00edas: con este m\u00e9todo durar\u00e1n 2 a\u00f1os\" class=\"read-more button\" href=\"https:\/\/recetasconencanto.com\/index.php\/2023\/04\/25\/se-acabaron-los-platanos-podridos-y-negros-a-los-pocos-dias-con-este-metodo-duraran-2-anos\/#more-345\" aria-label=\"More on Se acabaron los pl\u00e1tanos podridos y negros a los pocos d\u00edas: con este m\u00e9todo durar\u00e1n 2 a\u00f1os\">Seguir leyendo<\/a><\/p>\n","protected":false},"author":2,"featured_media":347,"comment_status":"closed","ping_status":"closed","sticky":false,"template":"","format":"standard","meta":{"footnotes":""},"categories":[1],"tags":[],"class_list":["post-345","post","type-post","status-publish","format-standard","has-post-thumbnail","hentry","category-recetas","generate-columns","tablet-grid-50","mobile-grid-100","grid-parent","grid-50","no-featured-image-padding"],"yoast_head":"<!-- This site is optimized with the Yoast SEO Premium plugin v20.5 (Yoast SEO v27.5) - https:\/\/yoast.com\/product\/yoast-seo-premium-wordpress\/ -->\n<title>Se acabaron los pl\u00e1tanos podridos y negros a los pocos d\u00edas: con este m\u00e9todo durar\u00e1n 2 a\u00f1os - recetas con encanto<\/title>\n<meta name=\"robots\" content=\"index, follow, max-snippet:-1, max-image-preview:large, max-video-preview:-1\" \/>\n<link rel=\"canonical\" href=\"https:\/\/recetasconencanto.com\/index.php\/2023\/04\/25\/se-acabaron-los-platanos-podridos-y-negros-a-los-pocos-dias-con-este-metodo-duraran-2-anos\/\" \/>\n<meta property=\"og:locale\" content=\"en_US\" \/>\n<meta property=\"og:type\" content=\"article\" \/>\n<meta property=\"og:title\" content=\"Se acabaron los pl\u00e1tanos podridos y negros a los pocos d\u00edas: con este m\u00e9todo durar\u00e1n 2 a\u00f1os\" \/>\n<meta property=\"og:description\" content=\"Los pl\u00e1tanos son una fruta muy popular en todo el mundo por su sabor dulce y su textura blanda. Sin embargo, su vida \u00fatil puede ser relativamente corta, especialmente si ... Seguir leyendo\" \/>\n<meta property=\"og:url\" content=\"https:\/\/recetasconencanto.com\/index.php\/2023\/04\/25\/se-acabaron-los-platanos-podridos-y-negros-a-los-pocos-dias-con-este-metodo-duraran-2-anos\/\" \/>\n<meta property=\"og:site_name\" content=\"recetas con encanto\" \/>\n<meta property=\"article:published_time\" content=\"2023-04-25T00:14:48+00:00\" \/>\n<meta property=\"og:image\" content=\"https:\/\/recetasconencanto.com\/wp-content\/uploads\/2023\/04\/5-1.jpeg\" \/>\n\t<meta property=\"og:image:width\" content=\"610\" \/>\n\t<meta property=\"og:image:height\" content=\"393\" \/>\n\t<meta property=\"og:image:type\" content=\"image\/jpeg\" \/>\n<meta name=\"author\" content=\"maner\" \/>\n<meta name=\"twitter:card\" content=\"summary_large_image\" \/>\n<meta name=\"twitter:label1\" content=\"Written by\" \/>\n\t<meta name=\"twitter:data1\" content=\"maner\" \/>\n\t<meta name=\"twitter:label2\" content=\"Est. reading time\" \/>\n\t<meta name=\"twitter:data2\" content=\"2 minutes\" \/>\n<script type=\"application\/ld+json\" class=\"yoast-schema-graph\">{\"@context\":\"https:\\\/\\\/schema.org\",\"@graph\":[{\"@type\":\"Article\",\"@id\":\"https:\\\/\\\/recetasconencanto.com\\\/index.php\\\/2023\\\/04\\\/25\\\/se-acabaron-los-platanos-podridos-y-negros-a-los-pocos-dias-con-este-metodo-duraran-2-anos\\\/#article\",\"isPartOf\":{\"@id\":\"https:\\\/\\\/recetasconencanto.com\\\/index.php\\\/2023\\\/04\\\/25\\\/se-acabaron-los-platanos-podridos-y-negros-a-los-pocos-dias-con-este-metodo-duraran-2-anos\\\/\"},\"author\":{\"name\":\"maner\",\"@id\":\"https:\\\/\\\/recetasconencanto.com\\\/#\\\/schema\\\/person\\\/cc0604943b6ae325f196a6dd57e8acf5\"},\"headline\":\"Se acabaron los pl\u00e1tanos podridos y negros a los pocos d\u00edas: con este m\u00e9todo durar\u00e1n 2 a\u00f1os\",\"datePublished\":\"2023-04-25T00:14:48+00:00\",\"mainEntityOfPage\":{\"@id\":\"https:\\\/\\\/recetasconencanto.com\\\/index.php\\\/2023\\\/04\\\/25\\\/se-acabaron-los-platanos-podridos-y-negros-a-los-pocos-dias-con-este-metodo-duraran-2-anos\\\/\"},\"wordCount\":499,\"publisher\":{\"@id\":\"https:\\\/\\\/recetasconencanto.com\\\/#organization\"},\"image\":{\"@id\":\"https:\\\/\\\/recetasconencanto.com\\\/index.php\\\/2023\\\/04\\\/25\\\/se-acabaron-los-platanos-podridos-y-negros-a-los-pocos-dias-con-este-metodo-duraran-2-anos\\\/#primaryimage\"},\"thumbnailUrl\":\"https:\\\/\\\/recetasconencanto.com\\\/wp-content\\\/uploads\\\/2023\\\/04\\\/5-1.jpeg\",\"articleSection\":[\"recetas\"],\"inLanguage\":\"en-US\"},{\"@type\":\"WebPage\",\"@id\":\"https:\\\/\\\/recetasconencanto.com\\\/index.php\\\/2023\\\/04\\\/25\\\/se-acabaron-los-platanos-podridos-y-negros-a-los-pocos-dias-con-este-metodo-duraran-2-anos\\\/\",\"url\":\"https:\\\/\\\/recetasconencanto.com\\\/index.php\\\/2023\\\/04\\\/25\\\/se-acabaron-los-platanos-podridos-y-negros-a-los-pocos-dias-con-este-metodo-duraran-2-anos\\\/\",\"name\":\"Se acabaron los pl\u00e1tanos podridos y negros a los pocos d\u00edas: con este m\u00e9todo durar\u00e1n 2 a\u00f1os - recetas con encanto\",\"isPartOf\":{\"@id\":\"https:\\\/\\\/recetasconencanto.com\\\/#website\"},\"primaryImageOfPage\":{\"@id\":\"https:\\\/\\\/recetasconencanto.com\\\/index.php\\\/2023\\\/04\\\/25\\\/se-acabaron-los-platanos-podridos-y-negros-a-los-pocos-dias-con-este-metodo-duraran-2-anos\\\/#primaryimage\"},\"image\":{\"@id\":\"https:\\\/\\\/recetasconencanto.com\\\/index.php\\\/2023\\\/04\\\/25\\\/se-acabaron-los-platanos-podridos-y-negros-a-los-pocos-dias-con-este-metodo-duraran-2-anos\\\/#primaryimage\"},\"thumbnailUrl\":\"https:\\\/\\\/recetasconencanto.com\\\/wp-content\\\/uploads\\\/2023\\\/04\\\/5-1.jpeg\",\"datePublished\":\"2023-04-25T00:14:48+00:00\",\"breadcrumb\":{\"@id\":\"https:\\\/\\\/recetasconencanto.com\\\/index.php\\\/2023\\\/04\\\/25\\\/se-acabaron-los-platanos-podridos-y-negros-a-los-pocos-dias-con-este-metodo-duraran-2-anos\\\/#breadcrumb\"},\"inLanguage\":\"en-US\",\"potentialAction\":[{\"@type\":\"ReadAction\",\"target\":[\"https:\\\/\\\/recetasconencanto.com\\\/index.php\\\/2023\\\/04\\\/25\\\/se-acabaron-los-platanos-podridos-y-negros-a-los-pocos-dias-con-este-metodo-duraran-2-anos\\\/\"]}]},{\"@type\":\"ImageObject\",\"inLanguage\":\"en-US\",\"@id\":\"https:\\\/\\\/recetasconencanto.com\\\/index.php\\\/2023\\\/04\\\/25\\\/se-acabaron-los-platanos-podridos-y-negros-a-los-pocos-dias-con-este-metodo-duraran-2-anos\\\/#primaryimage\",\"url\":\"https:\\\/\\\/recetasconencanto.com\\\/wp-content\\\/uploads\\\/2023\\\/04\\\/5-1.jpeg\",\"contentUrl\":\"https:\\\/\\\/recetasconencanto.com\\\/wp-content\\\/uploads\\\/2023\\\/04\\\/5-1.jpeg\",\"width\":610,\"height\":393},{\"@type\":\"BreadcrumbList\",\"@id\":\"https:\\\/\\\/recetasconencanto.com\\\/index.php\\\/2023\\\/04\\\/25\\\/se-acabaron-los-platanos-podridos-y-negros-a-los-pocos-dias-con-este-metodo-duraran-2-anos\\\/#breadcrumb\",\"itemListElement\":[{\"@type\":\"ListItem\",\"position\":1,\"name\":\"Home\",\"item\":\"https:\\\/\\\/recetasconencanto.com\\\/\"},{\"@type\":\"ListItem\",\"position\":2,\"name\":\"Se acabaron los pl\u00e1tanos podridos y negros a los pocos d\u00edas: con este m\u00e9todo durar\u00e1n 2 a\u00f1os\"}]},{\"@type\":\"WebSite\",\"@id\":\"https:\\\/\\\/recetasconencanto.com\\\/#website\",\"url\":\"https:\\\/\\\/recetasconencanto.com\\\/\",\"name\":\"recetas con encanto\",\"description\":\"\",\"publisher\":{\"@id\":\"https:\\\/\\\/recetasconencanto.com\\\/#organization\"},\"potentialAction\":[{\"@type\":\"SearchAction\",\"target\":{\"@type\":\"EntryPoint\",\"urlTemplate\":\"https:\\\/\\\/recetasconencanto.com\\\/?s={search_term_string}\"},\"query-input\":{\"@type\":\"PropertyValueSpecification\",\"valueRequired\":true,\"valueName\":\"search_term_string\"}}],\"inLanguage\":\"en-US\"},{\"@type\":\"Organization\",\"@id\":\"https:\\\/\\\/recetasconencanto.com\\\/#organization\",\"name\":\"recetas con encanto\",\"url\":\"https:\\\/\\\/recetasconencanto.com\\\/\",\"logo\":{\"@type\":\"ImageObject\",\"inLanguage\":\"en-US\",\"@id\":\"https:\\\/\\\/recetasconencanto.com\\\/#\\\/schema\\\/logo\\\/image\\\/\",\"url\":\"https:\\\/\\\/recetasconencanto.com\\\/wp-content\\\/uploads\\\/2023\\\/12\\\/d5.png\",\"contentUrl\":\"https:\\\/\\\/recetasconencanto.com\\\/wp-content\\\/uploads\\\/2023\\\/12\\\/d5.png\",\"width\":500,\"height\":500,\"caption\":\"recetas con encanto\"},\"image\":{\"@id\":\"https:\\\/\\\/recetasconencanto.com\\\/#\\\/schema\\\/logo\\\/image\\\/\"}},{\"@type\":\"Person\",\"@id\":\"https:\\\/\\\/recetasconencanto.com\\\/#\\\/schema\\\/person\\\/cc0604943b6ae325f196a6dd57e8acf5\",\"name\":\"maner\",\"url\":\"https:\\\/\\\/recetasconencanto.com\\\/index.php\\\/author\\\/maner\\\/\"}]}<\/script>\n<!-- \/ Yoast SEO Premium plugin. -->","yoast_head_json":{"title":"Se acabaron los pl\u00e1tanos podridos y negros a los pocos d\u00edas: con este m\u00e9todo durar\u00e1n 2 a\u00f1os - recetas con encanto","robots":{"index":"index","follow":"follow","max-snippet":"max-snippet:-1","max-image-preview":"max-image-preview:large","max-video-preview":"max-video-preview:-1"},"canonical":"https:\/\/recetasconencanto.com\/index.php\/2023\/04\/25\/se-acabaron-los-platanos-podridos-y-negros-a-los-pocos-dias-con-este-metodo-duraran-2-anos\/","og_locale":"en_US","og_type":"article","og_title":"Se acabaron los pl\u00e1tanos podridos y negros a los pocos d\u00edas: con este m\u00e9todo durar\u00e1n 2 a\u00f1os","og_description":"Los pl\u00e1tanos son una fruta muy popular en todo el mundo por su sabor dulce y su textura blanda. Sin embargo, su vida \u00fatil puede ser relativamente corta, especialmente si ... Seguir leyendo","og_url":"https:\/\/recetasconencanto.com\/index.php\/2023\/04\/25\/se-acabaron-los-platanos-podridos-y-negros-a-los-pocos-dias-con-este-metodo-duraran-2-anos\/","og_site_name":"recetas con encanto","article_published_time":"2023-04-25T00:14:48+00:00","og_image":[{"width":610,"height":393,"url":"https:\/\/recetasconencanto.com\/wp-content\/uploads\/2023\/04\/5-1.jpeg","type":"image\/jpeg"}],"author":"maner","twitter_card":"summary_large_image","twitter_misc":{"Written by":"maner","Est. reading time":"2 minutes"},"schema":{"@context":"https:\/\/schema.org","@graph":[{"@type":"Article","@id":"https:\/\/recetasconencanto.com\/index.php\/2023\/04\/25\/se-acabaron-los-platanos-podridos-y-negros-a-los-pocos-dias-con-este-metodo-duraran-2-anos\/#article","isPartOf":{"@id":"https:\/\/recetasconencanto.com\/index.php\/2023\/04\/25\/se-acabaron-los-platanos-podridos-y-negros-a-los-pocos-dias-con-este-metodo-duraran-2-anos\/"},"author":{"name":"maner","@id":"https:\/\/recetasconencanto.com\/#\/schema\/person\/cc0604943b6ae325f196a6dd57e8acf5"},"headline":"Se acabaron los pl\u00e1tanos podridos y negros a los pocos d\u00edas: con este m\u00e9todo durar\u00e1n 2 a\u00f1os","datePublished":"2023-04-25T00:14:48+00:00","mainEntityOfPage":{"@id":"https:\/\/recetasconencanto.com\/index.php\/2023\/04\/25\/se-acabaron-los-platanos-podridos-y-negros-a-los-pocos-dias-con-este-metodo-duraran-2-anos\/"},"wordCount":499,"publisher":{"@id":"https:\/\/recetasconencanto.com\/#organization"},"image":{"@id":"https:\/\/recetasconencanto.com\/index.php\/2023\/04\/25\/se-acabaron-los-platanos-podridos-y-negros-a-los-pocos-dias-con-este-metodo-duraran-2-anos\/#primaryimage"},"thumbnailUrl":"https:\/\/recetasconencanto.com\/wp-content\/uploads\/2023\/04\/5-1.jpeg","articleSection":["recetas"],"inLanguage":"en-US"},{"@type":"WebPage","@id":"https:\/\/recetasconencanto.com\/index.php\/2023\/04\/25\/se-acabaron-los-platanos-podridos-y-negros-a-los-pocos-dias-con-este-metodo-duraran-2-anos\/","url":"https:\/\/recetasconencanto.com\/index.php\/2023\/04\/25\/se-acabaron-los-platanos-podridos-y-negros-a-los-pocos-dias-con-este-metodo-duraran-2-anos\/","name":"Se acabaron los pl\u00e1tanos podridos y negros a los pocos d\u00edas: con este m\u00e9todo durar\u00e1n 2 a\u00f1os - recetas con encanto","isPartOf":{"@id":"https:\/\/recetasconencanto.com\/#website"},"primaryImageOfPage":{"@id":"https:\/\/recetasconencanto.com\/index.php\/2023\/04\/25\/se-acabaron-los-platanos-podridos-y-negros-a-los-pocos-dias-con-este-metodo-duraran-2-anos\/#primaryimage"},"image":{"@id":"https:\/\/recetasconencanto.com\/index.php\/2023\/04\/25\/se-acabaron-los-platanos-podridos-y-negros-a-los-pocos-dias-con-este-metodo-duraran-2-anos\/#primaryimage"},"thumbnailUrl":"https:\/\/recetasconencanto.com\/wp-content\/uploads\/2023\/04\/5-1.jpeg","datePublished":"2023-04-25T00:14:48+00:00","breadcrumb":{"@id":"https:\/\/recetasconencanto.com\/index.php\/2023\/04\/25\/se-acabaron-los-platanos-podridos-y-negros-a-los-pocos-dias-con-este-metodo-duraran-2-anos\/#breadcrumb"},"inLanguage":"en-US","potentialAction":[{"@type":"ReadAction","target":["https:\/\/recetasconencanto.com\/index.php\/2023\/04\/25\/se-acabaron-los-platanos-podridos-y-negros-a-los-pocos-dias-con-este-metodo-duraran-2-anos\/"]}]},{"@type":"ImageObject","inLanguage":"en-US","@id":"https:\/\/recetasconencanto.com\/index.php\/2023\/04\/25\/se-acabaron-los-platanos-podridos-y-negros-a-los-pocos-dias-con-este-metodo-duraran-2-anos\/#primaryimage","url":"https:\/\/recetasconencanto.com\/wp-content\/uploads\/2023\/04\/5-1.jpeg","contentUrl":"https:\/\/recetasconencanto.com\/wp-content\/uploads\/2023\/04\/5-1.jpeg","width":610,"height":393},{"@type":"BreadcrumbList","@id":"https:\/\/recetasconencanto.com\/index.php\/2023\/04\/25\/se-acabaron-los-platanos-podridos-y-negros-a-los-pocos-dias-con-este-metodo-duraran-2-anos\/#breadcrumb","itemListElement":[{"@type":"ListItem","position":1,"name":"Home","item":"https:\/\/recetasconencanto.com\/"},{"@type":"ListItem","position":2,"name":"Se acabaron los pl\u00e1tanos podridos y negros a los pocos d\u00edas: con este m\u00e9todo durar\u00e1n 2 a\u00f1os"}]},{"@type":"WebSite","@id":"https:\/\/recetasconencanto.com\/#website","url":"https:\/\/recetasconencanto.com\/","name":"recetas con encanto","description":"","publisher":{"@id":"https:\/\/recetasconencanto.com\/#organization"},"potentialAction":[{"@type":"SearchAction","target":{"@type":"EntryPoint","urlTemplate":"https:\/\/recetasconencanto.com\/?s={search_term_string}"},"query-input":{"@type":"PropertyValueSpecification","valueRequired":true,"valueName":"search_term_string"}}],"inLanguage":"en-US"},{"@type":"Organization","@id":"https:\/\/recetasconencanto.com\/#organization","name":"recetas con encanto","url":"https:\/\/recetasconencanto.com\/","logo":{"@type":"ImageObject","inLanguage":"en-US","@id":"https:\/\/recetasconencanto.com\/#\/schema\/logo\/image\/","url":"https:\/\/recetasconencanto.com\/wp-content\/uploads\/2023\/12\/d5.png","contentUrl":"https:\/\/recetasconencanto.com\/wp-content\/uploads\/2023\/12\/d5.png","width":500,"height":500,"caption":"recetas con encanto"},"image":{"@id":"https:\/\/recetasconencanto.com\/#\/schema\/logo\/image\/"}},{"@type":"Person","@id":"https:\/\/recetasconencanto.com\/#\/schema\/person\/cc0604943b6ae325f196a6dd57e8acf5","name":"maner","url":"https:\/\/recetasconencanto.com\/index.php\/author\/maner\/"}]}},"_links":{"self":[{"href":"https:\/\/recetasconencanto.com\/index.php\/wp-json\/wp\/v2\/posts\/345","targetHints":{"allow":["GET"]}}],"collection":[{"href":"https:\/\/recetasconencanto.com\/index.php\/wp-json\/wp\/v2\/posts"}],"about":[{"href":"https:\/\/recetasconencanto.com\/index.php\/wp-json\/wp\/v2\/types\/post"}],"author":[{"embeddable":true,"href":"https:\/\/recetasconencanto.com\/index.php\/wp-json\/wp\/v2\/users\/2"}],"replies":[{"embeddable":true,"href":"https:\/\/recetasconencanto.com\/index.php\/wp-json\/wp\/v2\/comments?post=345"}],"version-history":[{"count":0,"href":"https:\/\/recetasconencanto.com\/index.php\/wp-json\/wp\/v2\/posts\/345\/revisions"}],"wp:featuredmedia":[{"embeddable":true,"href":"https:\/\/recetasconencanto.com\/index.php\/wp-json\/wp\/v2\/media\/347"}],"wp:attachment":[{"href":"https:\/\/recetasconencanto.com\/index.php\/wp-json\/wp\/v2\/media?parent=345"}],"wp:term":[{"taxonomy":"category","embeddable":true,"href":"https:\/\/recetasconencanto.com\/index.php\/wp-json\/wp\/v2\/categories?post=345"},{"taxonomy":"post_tag","embeddable":true,"href":"https:\/\/recetasconencanto.com\/index.php\/wp-json\/wp\/v2\/tags?post=345"}],"curies":[{"name":"wp","href":"https:\/\/api.w.org\/{rel}","templated":true}]}}