{"id":3761,"date":"2023-09-07T22:57:26","date_gmt":"2023-09-07T22:57:26","guid":{"rendered":"https:\/\/recetasconencanto.com\/?p=3761"},"modified":"2023-09-07T22:57:28","modified_gmt":"2023-09-07T22:57:28","slug":"verrines-de-tarta-de-limon-y-merengue","status":"publish","type":"post","link":"https:\/\/recetasconencanto.com\/index.php\/2023\/09\/07\/verrines-de-tarta-de-limon-y-merengue\/","title":{"rendered":"Verrines de tarta de lim\u00f3n y merengue"},"content":{"rendered":"\n<p>Las verrinas de tarta de lim\u00f3n y merengue son una versi\u00f3n miniaturizada y elegante del famoso postre. Aqu\u00ed tiene una receta b\u00e1sica para preparar estas deliciosas verrines:<\/p>\n\n\n\n<p>Ingredientes:<\/p>\n\n\n\n<p>Para la base de la tarta de lim\u00f3n :<\/p>\n\n\n\n<ul class=\"wp-block-list\">\n<li>200 g de galletas shortbread (galletas de mantequilla)<\/li>\n\n\n\n<li>80 g de mantequilla derretida<\/li>\n\n\n\n<li>Ralladura de 2 limones<\/li>\n\n\n\n<li>200 ml de zumo de lim\u00f3n fresco<\/li>\n\n\n\n<li>400 ml de leche condensada azucarada<\/li>\n<\/ul>\n\n\n\n<p>Para el merengue :<\/p>\n\n\n\n<ul class=\"wp-block-list\">\n<li>4 claras de huevo<\/li>\n\n\n\n<li>200 g de az\u00facar glas<\/li>\n\n\n\n<li>Una pizca de sal<\/li>\n<\/ul>\n\n\n\n<p>Instrucciones :<\/p>\n\n\n\n<ol class=\"wp-block-list\">\n<li>Comience preparando la base de la tarta de lim\u00f3n. Corta las galletas shortbread en migas finas, ya sea tritur\u00e1ndolas en una batidora o meti\u00e9ndolas en una bolsa de pl\u00e1stico y aplast\u00e1ndolas con un rodillo.<\/li>\n\n\n\n<li>En un cuenco, mezcle las migas de galleta con la mantequilla derretida hasta obtener una consistencia de masa desmenuzable.<\/li>\n\n\n\n<li>Extender la base de galleta sobre la base de cada vaso, apretando ligeramente para formar la corteza.<\/li>\n\n\n\n<li>En otro bol, mezcle el zumo de lim\u00f3n fresco, la ralladura de lim\u00f3n y la leche condensada azucarada hasta obtener una mezcla homog\u00e9nea.<\/li>\n\n\n\n<li>Verter la mezcla de lim\u00f3n sobre la base de galleta de las verrines. Deje las verrinas en el frigor\u00edfico durante al menos 1 hora para que la capa de lim\u00f3n se endurezca.<\/li>\n\n\n\n<li>Para hacer el merengue, batir las claras con una pizca de sal hasta que empiecen a espumar. A continuaci\u00f3n, a\u00f1ada el az\u00facar en varias fases y siga batiendo hasta que el merengue forme picos firmes.<\/li>\n\n\n\n<li>Transfiera el merengue a una manga pastelera provista de una boquilla estriada o lisa, seg\u00fan prefiera.<\/li>\n\n\n\n<li>Decorar cada vaso con una bonita capa de merengue, utilizando una manga pastelera para formar dibujos o picos.<\/li>\n\n\n\n<li>Con un soplete de cocina, dorar ligeramente la superficie del merengue para obtener el aspecto caracter\u00edstico de una tarta de merengue de lim\u00f3n.<\/li>\n\n\n\n<li>Refrigerar las verrines durante 30 minutos m\u00e1s antes de servir.<\/li>\n<\/ol>\n\n\n\n<p>Estas verrinas de lim\u00f3n y merengue son un postre refrescante y elegante que har\u00e1 las delicias de sus invitados. Combinan el sabor \u00e1cido del lim\u00f3n con el dulzor del merengue para una experiencia gustativa deliciosa.<\/p>\n","protected":false},"excerpt":{"rendered":"<p>Las verrinas de tarta de lim\u00f3n y merengue son una versi\u00f3n miniaturizada y elegante del famoso postre. Aqu\u00ed tiene una receta b\u00e1sica para preparar estas deliciosas verrines: Ingredientes: Para la &#8230; <\/p>\n<p class=\"read-more-container\"><a title=\"Verrines de tarta de lim\u00f3n y merengue\" class=\"read-more button\" href=\"https:\/\/recetasconencanto.com\/index.php\/2023\/09\/07\/verrines-de-tarta-de-limon-y-merengue\/#more-3761\" aria-label=\"More on Verrines de tarta de lim\u00f3n y merengue\">Seguir leyendo<\/a><\/p>\n","protected":false},"author":2,"featured_media":3764,"comment_status":"closed","ping_status":"closed","sticky":false,"template":"","format":"standard","meta":{"footnotes":""},"categories":[3],"tags":[],"class_list":["post-3761","post","type-post","status-publish","format-standard","has-post-thumbnail","hentry","category-jardin-y-consejos","generate-columns","tablet-grid-50","mobile-grid-100","grid-parent","grid-50","no-featured-image-padding"],"yoast_head":"<!-- This site is optimized with the Yoast SEO Premium plugin v20.5 (Yoast SEO v27.5) - https:\/\/yoast.com\/product\/yoast-seo-premium-wordpress\/ -->\n<title>Verrines de tarta de lim\u00f3n y merengue - recetas con encanto<\/title>\n<meta name=\"robots\" content=\"index, follow, max-snippet:-1, max-image-preview:large, max-video-preview:-1\" \/>\n<link rel=\"canonical\" href=\"https:\/\/recetasconencanto.com\/index.php\/2023\/09\/07\/verrines-de-tarta-de-limon-y-merengue\/\" \/>\n<meta property=\"og:locale\" content=\"en_US\" \/>\n<meta property=\"og:type\" content=\"article\" \/>\n<meta property=\"og:title\" content=\"Verrines de tarta de lim\u00f3n y merengue\" \/>\n<meta property=\"og:description\" content=\"Las verrinas de tarta de lim\u00f3n y merengue son una versi\u00f3n miniaturizada y elegante del famoso postre. Aqu\u00ed tiene una receta b\u00e1sica para preparar estas deliciosas verrines: Ingredientes: Para la ... Seguir leyendo\" \/>\n<meta property=\"og:url\" content=\"https:\/\/recetasconencanto.com\/index.php\/2023\/09\/07\/verrines-de-tarta-de-limon-y-merengue\/\" \/>\n<meta property=\"og:site_name\" content=\"recetas con encanto\" \/>\n<meta property=\"article:published_time\" content=\"2023-09-07T22:57:26+00:00\" \/>\n<meta property=\"article:modified_time\" content=\"2023-09-07T22:57:28+00:00\" \/>\n<meta property=\"og:image\" content=\"http:\/\/recetasconencanto.com\/wp-content\/uploads\/2023\/09\/2.png\" \/>\n\t<meta property=\"og:image:width\" content=\"760\" \/>\n\t<meta property=\"og:image:height\" content=\"516\" \/>\n\t<meta property=\"og:image:type\" content=\"image\/png\" \/>\n<meta name=\"author\" content=\"maner\" \/>\n<meta name=\"twitter:card\" content=\"summary_large_image\" \/>\n<meta name=\"twitter:label1\" content=\"Written by\" \/>\n\t<meta name=\"twitter:data1\" content=\"maner\" \/>\n\t<meta name=\"twitter:label2\" content=\"Est. reading time\" \/>\n\t<meta name=\"twitter:data2\" content=\"2 minutes\" \/>\n<script type=\"application\/ld+json\" class=\"yoast-schema-graph\">{\"@context\":\"https:\\\/\\\/schema.org\",\"@graph\":[{\"@type\":\"Article\",\"@id\":\"https:\\\/\\\/recetasconencanto.com\\\/index.php\\\/2023\\\/09\\\/07\\\/verrines-de-tarta-de-limon-y-merengue\\\/#article\",\"isPartOf\":{\"@id\":\"https:\\\/\\\/recetasconencanto.com\\\/index.php\\\/2023\\\/09\\\/07\\\/verrines-de-tarta-de-limon-y-merengue\\\/\"},\"author\":{\"name\":\"maner\",\"@id\":\"https:\\\/\\\/recetasconencanto.com\\\/#\\\/schema\\\/person\\\/cc0604943b6ae325f196a6dd57e8acf5\"},\"headline\":\"Verrines de tarta de lim\u00f3n y merengue\",\"datePublished\":\"2023-09-07T22:57:26+00:00\",\"dateModified\":\"2023-09-07T22:57:28+00:00\",\"mainEntityOfPage\":{\"@id\":\"https:\\\/\\\/recetasconencanto.com\\\/index.php\\\/2023\\\/09\\\/07\\\/verrines-de-tarta-de-limon-y-merengue\\\/\"},\"wordCount\":370,\"publisher\":{\"@id\":\"https:\\\/\\\/recetasconencanto.com\\\/#organization\"},\"image\":{\"@id\":\"https:\\\/\\\/recetasconencanto.com\\\/index.php\\\/2023\\\/09\\\/07\\\/verrines-de-tarta-de-limon-y-merengue\\\/#primaryimage\"},\"thumbnailUrl\":\"https:\\\/\\\/recetasconencanto.com\\\/wp-content\\\/uploads\\\/2023\\\/09\\\/2.png\",\"articleSection\":[\"jard\u00edn\"],\"inLanguage\":\"en-US\"},{\"@type\":\"WebPage\",\"@id\":\"https:\\\/\\\/recetasconencanto.com\\\/index.php\\\/2023\\\/09\\\/07\\\/verrines-de-tarta-de-limon-y-merengue\\\/\",\"url\":\"https:\\\/\\\/recetasconencanto.com\\\/index.php\\\/2023\\\/09\\\/07\\\/verrines-de-tarta-de-limon-y-merengue\\\/\",\"name\":\"Verrines de tarta de lim\u00f3n y merengue - recetas con encanto\",\"isPartOf\":{\"@id\":\"https:\\\/\\\/recetasconencanto.com\\\/#website\"},\"primaryImageOfPage\":{\"@id\":\"https:\\\/\\\/recetasconencanto.com\\\/index.php\\\/2023\\\/09\\\/07\\\/verrines-de-tarta-de-limon-y-merengue\\\/#primaryimage\"},\"image\":{\"@id\":\"https:\\\/\\\/recetasconencanto.com\\\/index.php\\\/2023\\\/09\\\/07\\\/verrines-de-tarta-de-limon-y-merengue\\\/#primaryimage\"},\"thumbnailUrl\":\"https:\\\/\\\/recetasconencanto.com\\\/wp-content\\\/uploads\\\/2023\\\/09\\\/2.png\",\"datePublished\":\"2023-09-07T22:57:26+00:00\",\"dateModified\":\"2023-09-07T22:57:28+00:00\",\"breadcrumb\":{\"@id\":\"https:\\\/\\\/recetasconencanto.com\\\/index.php\\\/2023\\\/09\\\/07\\\/verrines-de-tarta-de-limon-y-merengue\\\/#breadcrumb\"},\"inLanguage\":\"en-US\",\"potentialAction\":[{\"@type\":\"ReadAction\",\"target\":[\"https:\\\/\\\/recetasconencanto.com\\\/index.php\\\/2023\\\/09\\\/07\\\/verrines-de-tarta-de-limon-y-merengue\\\/\"]}]},{\"@type\":\"ImageObject\",\"inLanguage\":\"en-US\",\"@id\":\"https:\\\/\\\/recetasconencanto.com\\\/index.php\\\/2023\\\/09\\\/07\\\/verrines-de-tarta-de-limon-y-merengue\\\/#primaryimage\",\"url\":\"https:\\\/\\\/recetasconencanto.com\\\/wp-content\\\/uploads\\\/2023\\\/09\\\/2.png\",\"contentUrl\":\"https:\\\/\\\/recetasconencanto.com\\\/wp-content\\\/uploads\\\/2023\\\/09\\\/2.png\",\"width\":760,\"height\":516},{\"@type\":\"BreadcrumbList\",\"@id\":\"https:\\\/\\\/recetasconencanto.com\\\/index.php\\\/2023\\\/09\\\/07\\\/verrines-de-tarta-de-limon-y-merengue\\\/#breadcrumb\",\"itemListElement\":[{\"@type\":\"ListItem\",\"position\":1,\"name\":\"Home\",\"item\":\"https:\\\/\\\/recetasconencanto.com\\\/\"},{\"@type\":\"ListItem\",\"position\":2,\"name\":\"Verrines de tarta de lim\u00f3n y merengue\"}]},{\"@type\":\"WebSite\",\"@id\":\"https:\\\/\\\/recetasconencanto.com\\\/#website\",\"url\":\"https:\\\/\\\/recetasconencanto.com\\\/\",\"name\":\"recetas con encanto\",\"description\":\"\",\"publisher\":{\"@id\":\"https:\\\/\\\/recetasconencanto.com\\\/#organization\"},\"potentialAction\":[{\"@type\":\"SearchAction\",\"target\":{\"@type\":\"EntryPoint\",\"urlTemplate\":\"https:\\\/\\\/recetasconencanto.com\\\/?s={search_term_string}\"},\"query-input\":{\"@type\":\"PropertyValueSpecification\",\"valueRequired\":true,\"valueName\":\"search_term_string\"}}],\"inLanguage\":\"en-US\"},{\"@type\":\"Organization\",\"@id\":\"https:\\\/\\\/recetasconencanto.com\\\/#organization\",\"name\":\"recetas con encanto\",\"url\":\"https:\\\/\\\/recetasconencanto.com\\\/\",\"logo\":{\"@type\":\"ImageObject\",\"inLanguage\":\"en-US\",\"@id\":\"https:\\\/\\\/recetasconencanto.com\\\/#\\\/schema\\\/logo\\\/image\\\/\",\"url\":\"https:\\\/\\\/recetasconencanto.com\\\/wp-content\\\/uploads\\\/2023\\\/12\\\/d5.png\",\"contentUrl\":\"https:\\\/\\\/recetasconencanto.com\\\/wp-content\\\/uploads\\\/2023\\\/12\\\/d5.png\",\"width\":500,\"height\":500,\"caption\":\"recetas con encanto\"},\"image\":{\"@id\":\"https:\\\/\\\/recetasconencanto.com\\\/#\\\/schema\\\/logo\\\/image\\\/\"}},{\"@type\":\"Person\",\"@id\":\"https:\\\/\\\/recetasconencanto.com\\\/#\\\/schema\\\/person\\\/cc0604943b6ae325f196a6dd57e8acf5\",\"name\":\"maner\",\"url\":\"https:\\\/\\\/recetasconencanto.com\\\/index.php\\\/author\\\/maner\\\/\"}]}<\/script>\n<!-- \/ Yoast SEO Premium plugin. -->","yoast_head_json":{"title":"Verrines de tarta de lim\u00f3n y merengue - recetas con encanto","robots":{"index":"index","follow":"follow","max-snippet":"max-snippet:-1","max-image-preview":"max-image-preview:large","max-video-preview":"max-video-preview:-1"},"canonical":"https:\/\/recetasconencanto.com\/index.php\/2023\/09\/07\/verrines-de-tarta-de-limon-y-merengue\/","og_locale":"en_US","og_type":"article","og_title":"Verrines de tarta de lim\u00f3n y merengue","og_description":"Las verrinas de tarta de lim\u00f3n y merengue son una versi\u00f3n miniaturizada y elegante del famoso postre. Aqu\u00ed tiene una receta b\u00e1sica para preparar estas deliciosas verrines: Ingredientes: Para la ... Seguir leyendo","og_url":"https:\/\/recetasconencanto.com\/index.php\/2023\/09\/07\/verrines-de-tarta-de-limon-y-merengue\/","og_site_name":"recetas con encanto","article_published_time":"2023-09-07T22:57:26+00:00","article_modified_time":"2023-09-07T22:57:28+00:00","og_image":[{"width":760,"height":516,"url":"http:\/\/recetasconencanto.com\/wp-content\/uploads\/2023\/09\/2.png","type":"image\/png"}],"author":"maner","twitter_card":"summary_large_image","twitter_misc":{"Written by":"maner","Est. reading time":"2 minutes"},"schema":{"@context":"https:\/\/schema.org","@graph":[{"@type":"Article","@id":"https:\/\/recetasconencanto.com\/index.php\/2023\/09\/07\/verrines-de-tarta-de-limon-y-merengue\/#article","isPartOf":{"@id":"https:\/\/recetasconencanto.com\/index.php\/2023\/09\/07\/verrines-de-tarta-de-limon-y-merengue\/"},"author":{"name":"maner","@id":"https:\/\/recetasconencanto.com\/#\/schema\/person\/cc0604943b6ae325f196a6dd57e8acf5"},"headline":"Verrines de tarta de lim\u00f3n y merengue","datePublished":"2023-09-07T22:57:26+00:00","dateModified":"2023-09-07T22:57:28+00:00","mainEntityOfPage":{"@id":"https:\/\/recetasconencanto.com\/index.php\/2023\/09\/07\/verrines-de-tarta-de-limon-y-merengue\/"},"wordCount":370,"publisher":{"@id":"https:\/\/recetasconencanto.com\/#organization"},"image":{"@id":"https:\/\/recetasconencanto.com\/index.php\/2023\/09\/07\/verrines-de-tarta-de-limon-y-merengue\/#primaryimage"},"thumbnailUrl":"https:\/\/recetasconencanto.com\/wp-content\/uploads\/2023\/09\/2.png","articleSection":["jard\u00edn"],"inLanguage":"en-US"},{"@type":"WebPage","@id":"https:\/\/recetasconencanto.com\/index.php\/2023\/09\/07\/verrines-de-tarta-de-limon-y-merengue\/","url":"https:\/\/recetasconencanto.com\/index.php\/2023\/09\/07\/verrines-de-tarta-de-limon-y-merengue\/","name":"Verrines de tarta de lim\u00f3n y merengue - recetas con encanto","isPartOf":{"@id":"https:\/\/recetasconencanto.com\/#website"},"primaryImageOfPage":{"@id":"https:\/\/recetasconencanto.com\/index.php\/2023\/09\/07\/verrines-de-tarta-de-limon-y-merengue\/#primaryimage"},"image":{"@id":"https:\/\/recetasconencanto.com\/index.php\/2023\/09\/07\/verrines-de-tarta-de-limon-y-merengue\/#primaryimage"},"thumbnailUrl":"https:\/\/recetasconencanto.com\/wp-content\/uploads\/2023\/09\/2.png","datePublished":"2023-09-07T22:57:26+00:00","dateModified":"2023-09-07T22:57:28+00:00","breadcrumb":{"@id":"https:\/\/recetasconencanto.com\/index.php\/2023\/09\/07\/verrines-de-tarta-de-limon-y-merengue\/#breadcrumb"},"inLanguage":"en-US","potentialAction":[{"@type":"ReadAction","target":["https:\/\/recetasconencanto.com\/index.php\/2023\/09\/07\/verrines-de-tarta-de-limon-y-merengue\/"]}]},{"@type":"ImageObject","inLanguage":"en-US","@id":"https:\/\/recetasconencanto.com\/index.php\/2023\/09\/07\/verrines-de-tarta-de-limon-y-merengue\/#primaryimage","url":"https:\/\/recetasconencanto.com\/wp-content\/uploads\/2023\/09\/2.png","contentUrl":"https:\/\/recetasconencanto.com\/wp-content\/uploads\/2023\/09\/2.png","width":760,"height":516},{"@type":"BreadcrumbList","@id":"https:\/\/recetasconencanto.com\/index.php\/2023\/09\/07\/verrines-de-tarta-de-limon-y-merengue\/#breadcrumb","itemListElement":[{"@type":"ListItem","position":1,"name":"Home","item":"https:\/\/recetasconencanto.com\/"},{"@type":"ListItem","position":2,"name":"Verrines de tarta de lim\u00f3n y merengue"}]},{"@type":"WebSite","@id":"https:\/\/recetasconencanto.com\/#website","url":"https:\/\/recetasconencanto.com\/","name":"recetas con encanto","description":"","publisher":{"@id":"https:\/\/recetasconencanto.com\/#organization"},"potentialAction":[{"@type":"SearchAction","target":{"@type":"EntryPoint","urlTemplate":"https:\/\/recetasconencanto.com\/?s={search_term_string}"},"query-input":{"@type":"PropertyValueSpecification","valueRequired":true,"valueName":"search_term_string"}}],"inLanguage":"en-US"},{"@type":"Organization","@id":"https:\/\/recetasconencanto.com\/#organization","name":"recetas con encanto","url":"https:\/\/recetasconencanto.com\/","logo":{"@type":"ImageObject","inLanguage":"en-US","@id":"https:\/\/recetasconencanto.com\/#\/schema\/logo\/image\/","url":"https:\/\/recetasconencanto.com\/wp-content\/uploads\/2023\/12\/d5.png","contentUrl":"https:\/\/recetasconencanto.com\/wp-content\/uploads\/2023\/12\/d5.png","width":500,"height":500,"caption":"recetas con encanto"},"image":{"@id":"https:\/\/recetasconencanto.com\/#\/schema\/logo\/image\/"}},{"@type":"Person","@id":"https:\/\/recetasconencanto.com\/#\/schema\/person\/cc0604943b6ae325f196a6dd57e8acf5","name":"maner","url":"https:\/\/recetasconencanto.com\/index.php\/author\/maner\/"}]}},"_links":{"self":[{"href":"https:\/\/recetasconencanto.com\/index.php\/wp-json\/wp\/v2\/posts\/3761","targetHints":{"allow":["GET"]}}],"collection":[{"href":"https:\/\/recetasconencanto.com\/index.php\/wp-json\/wp\/v2\/posts"}],"about":[{"href":"https:\/\/recetasconencanto.com\/index.php\/wp-json\/wp\/v2\/types\/post"}],"author":[{"embeddable":true,"href":"https:\/\/recetasconencanto.com\/index.php\/wp-json\/wp\/v2\/users\/2"}],"replies":[{"embeddable":true,"href":"https:\/\/recetasconencanto.com\/index.php\/wp-json\/wp\/v2\/comments?post=3761"}],"version-history":[{"count":1,"href":"https:\/\/recetasconencanto.com\/index.php\/wp-json\/wp\/v2\/posts\/3761\/revisions"}],"predecessor-version":[{"id":3765,"href":"https:\/\/recetasconencanto.com\/index.php\/wp-json\/wp\/v2\/posts\/3761\/revisions\/3765"}],"wp:featuredmedia":[{"embeddable":true,"href":"https:\/\/recetasconencanto.com\/index.php\/wp-json\/wp\/v2\/media\/3764"}],"wp:attachment":[{"href":"https:\/\/recetasconencanto.com\/index.php\/wp-json\/wp\/v2\/media?parent=3761"}],"wp:term":[{"taxonomy":"category","embeddable":true,"href":"https:\/\/recetasconencanto.com\/index.php\/wp-json\/wp\/v2\/categories?post=3761"},{"taxonomy":"post_tag","embeddable":true,"href":"https:\/\/recetasconencanto.com\/index.php\/wp-json\/wp\/v2\/tags?post=3761"}],"curies":[{"name":"wp","href":"https:\/\/api.w.org\/{rel}","templated":true}]}}