{"id":4357,"date":"2023-10-16T21:49:02","date_gmt":"2023-10-16T21:49:02","guid":{"rendered":"https:\/\/recetasconencanto.com\/?p=4357"},"modified":"2023-10-16T21:49:05","modified_gmt":"2023-10-16T21:49:05","slug":"tarta-de-pera-chocolate-y-almendras","status":"publish","type":"post","link":"https:\/\/recetasconencanto.com\/index.php\/2023\/10\/16\/tarta-de-pera-chocolate-y-almendras\/","title":{"rendered":"Tarta de pera, chocolate y almendras"},"content":{"rendered":"\n<p>La tarta de pera, chocolate y almendras es un postre delicioso que combina el dulzor de las peras, el chocolate negro y el crujiente de las almendras. Aqu\u00ed tienes la receta de esta deliciosa tarta:<\/p>\n\n\n\n<p><strong>Ingredientes:<\/strong><\/p>\n\n\n\n<p>Para la masa crujiente :<\/p>\n\n\n\n<ul class=\"wp-block-list\">\n<li>200 g de harina<\/li>\n\n\n\n<li>100 g de mantequilla fr\u00eda cortada en dados<\/li>\n\n\n\n<li>1 pizca de sal<\/li>\n\n\n\n<li>2 cucharadas de az\u00facar<\/li>\n\n\n\n<li>3 \u00f3 4 cucharadas de agua fr\u00eda<\/li>\n<\/ul>\n\n\n\n<p>Para sellar :<\/p>\n\n\n\n<ul class=\"wp-block-list\">\n<li>3 \u00f3 4 peras maduras, peladas, descorazonadas y cortadas en rodajas.<\/li>\n\n\n\n<li>100 g de chocolate negro picado<\/li>\n\n\n\n<li>100 g de almendra en polvo<\/li>\n\n\n\n<li>100 g de az\u00facar<\/li>\n\n\n\n<li>2 huevos<\/li>\n\n\n\n<li>200 ml de nata fresca<\/li>\n\n\n\n<li>1 cucharadita de extracto de vainilla<\/li>\n<\/ul>\n\n\n\n<p><strong>Instrucciones :<\/strong><\/p>\n\n\n\n<p><strong>Para la masa crujiente :<\/strong><\/p>\n\n\n\n<ol class=\"wp-block-list\">\n<li>Mezclar la harina, la sal y el az\u00facar en un cuenco.<\/li>\n\n\n\n<li>A\u00f1adir la mantequilla fr\u00eda y amasar la masa con la punta de los dedos hasta que se forme una miga gruesa.<\/li>\n\n\n\n<li>A\u00f1adir agua fr\u00eda cucharada a cucharada y remover hasta que se forme una bola. A\u00f1adir el agua suficiente para formar una masa.<\/li>\n\n\n\n<li>Envolver la masa en film transparente y refrigerar durante al menos 30 minutos.<\/li>\n<\/ol>\n\n\n\n<p><strong>Para sellar :<\/strong><\/p>\n\n\n\n<ol class=\"wp-block-list\">\n<li>Precalentar el horno a 180 \u00b0C.<\/li>\n\n\n\n<li>Extender la masa en un c\u00edrculo de unos 30 cm de di\u00e1metro sobre una superficie ligeramente enharinada. Coloque la masa en un molde untado con mantequilla de 22-24 cm de di\u00e1metro.<\/li>\n\n\n\n<li>Pinchar la base de la tarta con un tenedor.<\/li>\n\n\n\n<li>Repartir las rodajas de pera en el fondo de la tarta.<\/li>\n\n\n\n<li>Derretir el chocolate al ba\u00f1o mar\u00eda o en el microondas y verterlo sobre las peras.<\/li>\n\n\n\n<li>En un bol, mezclar la almendra en polvo, el az\u00facar, los huevos, la cr\u00e8me fra\u00eeche y el extracto de vainilla. Vierta esta mezcla sobre las peras y el chocolate.<\/li>\n\n\n\n<li>Hornear la tarta en el horno precalentado durante unos 30-35 minutos, o hasta que est\u00e9 dorada y el relleno cuaje.<\/li>\n\n\n\n<li>Deje enfriar el pastel antes de cortarlo y servirlo.<\/li>\n<\/ol>\n\n\n\n<p>Este pastel con peras, chocolate y almendras es un postre irresistible que encantar\u00e1 a todos los golosos. Puede servirse caliente o a temperatura ambiente y es ideal para ocasiones especiales o simplemente para satisfacer a los golosos.<\/p>\n","protected":false},"excerpt":{"rendered":"<p>La tarta de pera, chocolate y almendras es un postre delicioso que combina el dulzor de las peras, el chocolate negro y el crujiente de las almendras. Aqu\u00ed tienes la &#8230; <\/p>\n<p class=\"read-more-container\"><a title=\"Tarta de pera, chocolate y almendras\" class=\"read-more button\" href=\"https:\/\/recetasconencanto.com\/index.php\/2023\/10\/16\/tarta-de-pera-chocolate-y-almendras\/#more-4357\" aria-label=\"More on Tarta de pera, chocolate y almendras\">Seguir leyendo<\/a><\/p>\n","protected":false},"author":2,"featured_media":4360,"comment_status":"closed","ping_status":"closed","sticky":false,"template":"","format":"standard","meta":{"footnotes":""},"categories":[1],"tags":[],"class_list":["post-4357","post","type-post","status-publish","format-standard","has-post-thumbnail","hentry","category-recetas","generate-columns","tablet-grid-50","mobile-grid-100","grid-parent","grid-50","no-featured-image-padding"],"yoast_head":"<!-- This site is optimized with the Yoast SEO Premium plugin v20.5 (Yoast SEO v27.5) - https:\/\/yoast.com\/product\/yoast-seo-premium-wordpress\/ -->\n<title>Tarta de pera, chocolate y almendras - recetas con encanto<\/title>\n<meta name=\"robots\" content=\"index, follow, max-snippet:-1, max-image-preview:large, max-video-preview:-1\" \/>\n<link rel=\"canonical\" href=\"https:\/\/recetasconencanto.com\/index.php\/2023\/10\/16\/tarta-de-pera-chocolate-y-almendras\/\" \/>\n<meta property=\"og:locale\" content=\"en_US\" \/>\n<meta property=\"og:type\" content=\"article\" \/>\n<meta property=\"og:title\" content=\"Tarta de pera, chocolate y almendras\" \/>\n<meta property=\"og:description\" content=\"La tarta de pera, chocolate y almendras es un postre delicioso que combina el dulzor de las peras, el chocolate negro y el crujiente de las almendras. Aqu\u00ed tienes la ... Seguir leyendo\" \/>\n<meta property=\"og:url\" content=\"https:\/\/recetasconencanto.com\/index.php\/2023\/10\/16\/tarta-de-pera-chocolate-y-almendras\/\" \/>\n<meta property=\"og:site_name\" content=\"recetas con encanto\" \/>\n<meta property=\"article:published_time\" content=\"2023-10-16T21:49:02+00:00\" \/>\n<meta property=\"article:modified_time\" content=\"2023-10-16T21:49:05+00:00\" \/>\n<meta property=\"og:image\" content=\"http:\/\/recetasconencanto.com\/wp-content\/uploads\/2023\/10\/5-9.jpg\" \/>\n\t<meta property=\"og:image:width\" content=\"660\" \/>\n\t<meta property=\"og:image:height\" content=\"330\" \/>\n\t<meta property=\"og:image:type\" content=\"image\/jpeg\" \/>\n<meta name=\"author\" content=\"maner\" \/>\n<meta name=\"twitter:card\" content=\"summary_large_image\" \/>\n<meta name=\"twitter:label1\" content=\"Written by\" \/>\n\t<meta name=\"twitter:data1\" content=\"maner\" \/>\n\t<meta name=\"twitter:label2\" content=\"Est. reading time\" \/>\n\t<meta name=\"twitter:data2\" content=\"2 minutes\" \/>\n<script type=\"application\/ld+json\" class=\"yoast-schema-graph\">{\"@context\":\"https:\\\/\\\/schema.org\",\"@graph\":[{\"@type\":\"Article\",\"@id\":\"https:\\\/\\\/recetasconencanto.com\\\/index.php\\\/2023\\\/10\\\/16\\\/tarta-de-pera-chocolate-y-almendras\\\/#article\",\"isPartOf\":{\"@id\":\"https:\\\/\\\/recetasconencanto.com\\\/index.php\\\/2023\\\/10\\\/16\\\/tarta-de-pera-chocolate-y-almendras\\\/\"},\"author\":{\"name\":\"maner\",\"@id\":\"https:\\\/\\\/recetasconencanto.com\\\/#\\\/schema\\\/person\\\/cc0604943b6ae325f196a6dd57e8acf5\"},\"headline\":\"Tarta de pera, chocolate y almendras\",\"datePublished\":\"2023-10-16T21:49:02+00:00\",\"dateModified\":\"2023-10-16T21:49:05+00:00\",\"mainEntityOfPage\":{\"@id\":\"https:\\\/\\\/recetasconencanto.com\\\/index.php\\\/2023\\\/10\\\/16\\\/tarta-de-pera-chocolate-y-almendras\\\/\"},\"wordCount\":355,\"publisher\":{\"@id\":\"https:\\\/\\\/recetasconencanto.com\\\/#organization\"},\"image\":{\"@id\":\"https:\\\/\\\/recetasconencanto.com\\\/index.php\\\/2023\\\/10\\\/16\\\/tarta-de-pera-chocolate-y-almendras\\\/#primaryimage\"},\"thumbnailUrl\":\"https:\\\/\\\/recetasconencanto.com\\\/wp-content\\\/uploads\\\/2023\\\/10\\\/5-9.jpg\",\"articleSection\":[\"recetas\"],\"inLanguage\":\"en-US\"},{\"@type\":\"WebPage\",\"@id\":\"https:\\\/\\\/recetasconencanto.com\\\/index.php\\\/2023\\\/10\\\/16\\\/tarta-de-pera-chocolate-y-almendras\\\/\",\"url\":\"https:\\\/\\\/recetasconencanto.com\\\/index.php\\\/2023\\\/10\\\/16\\\/tarta-de-pera-chocolate-y-almendras\\\/\",\"name\":\"Tarta de pera, chocolate y almendras - recetas con encanto\",\"isPartOf\":{\"@id\":\"https:\\\/\\\/recetasconencanto.com\\\/#website\"},\"primaryImageOfPage\":{\"@id\":\"https:\\\/\\\/recetasconencanto.com\\\/index.php\\\/2023\\\/10\\\/16\\\/tarta-de-pera-chocolate-y-almendras\\\/#primaryimage\"},\"image\":{\"@id\":\"https:\\\/\\\/recetasconencanto.com\\\/index.php\\\/2023\\\/10\\\/16\\\/tarta-de-pera-chocolate-y-almendras\\\/#primaryimage\"},\"thumbnailUrl\":\"https:\\\/\\\/recetasconencanto.com\\\/wp-content\\\/uploads\\\/2023\\\/10\\\/5-9.jpg\",\"datePublished\":\"2023-10-16T21:49:02+00:00\",\"dateModified\":\"2023-10-16T21:49:05+00:00\",\"breadcrumb\":{\"@id\":\"https:\\\/\\\/recetasconencanto.com\\\/index.php\\\/2023\\\/10\\\/16\\\/tarta-de-pera-chocolate-y-almendras\\\/#breadcrumb\"},\"inLanguage\":\"en-US\",\"potentialAction\":[{\"@type\":\"ReadAction\",\"target\":[\"https:\\\/\\\/recetasconencanto.com\\\/index.php\\\/2023\\\/10\\\/16\\\/tarta-de-pera-chocolate-y-almendras\\\/\"]}]},{\"@type\":\"ImageObject\",\"inLanguage\":\"en-US\",\"@id\":\"https:\\\/\\\/recetasconencanto.com\\\/index.php\\\/2023\\\/10\\\/16\\\/tarta-de-pera-chocolate-y-almendras\\\/#primaryimage\",\"url\":\"https:\\\/\\\/recetasconencanto.com\\\/wp-content\\\/uploads\\\/2023\\\/10\\\/5-9.jpg\",\"contentUrl\":\"https:\\\/\\\/recetasconencanto.com\\\/wp-content\\\/uploads\\\/2023\\\/10\\\/5-9.jpg\",\"width\":660,\"height\":330},{\"@type\":\"BreadcrumbList\",\"@id\":\"https:\\\/\\\/recetasconencanto.com\\\/index.php\\\/2023\\\/10\\\/16\\\/tarta-de-pera-chocolate-y-almendras\\\/#breadcrumb\",\"itemListElement\":[{\"@type\":\"ListItem\",\"position\":1,\"name\":\"Home\",\"item\":\"https:\\\/\\\/recetasconencanto.com\\\/\"},{\"@type\":\"ListItem\",\"position\":2,\"name\":\"Tarta de pera, chocolate y almendras\"}]},{\"@type\":\"WebSite\",\"@id\":\"https:\\\/\\\/recetasconencanto.com\\\/#website\",\"url\":\"https:\\\/\\\/recetasconencanto.com\\\/\",\"name\":\"recetas con encanto\",\"description\":\"\",\"publisher\":{\"@id\":\"https:\\\/\\\/recetasconencanto.com\\\/#organization\"},\"potentialAction\":[{\"@type\":\"SearchAction\",\"target\":{\"@type\":\"EntryPoint\",\"urlTemplate\":\"https:\\\/\\\/recetasconencanto.com\\\/?s={search_term_string}\"},\"query-input\":{\"@type\":\"PropertyValueSpecification\",\"valueRequired\":true,\"valueName\":\"search_term_string\"}}],\"inLanguage\":\"en-US\"},{\"@type\":\"Organization\",\"@id\":\"https:\\\/\\\/recetasconencanto.com\\\/#organization\",\"name\":\"recetas con encanto\",\"url\":\"https:\\\/\\\/recetasconencanto.com\\\/\",\"logo\":{\"@type\":\"ImageObject\",\"inLanguage\":\"en-US\",\"@id\":\"https:\\\/\\\/recetasconencanto.com\\\/#\\\/schema\\\/logo\\\/image\\\/\",\"url\":\"https:\\\/\\\/recetasconencanto.com\\\/wp-content\\\/uploads\\\/2023\\\/12\\\/d5.png\",\"contentUrl\":\"https:\\\/\\\/recetasconencanto.com\\\/wp-content\\\/uploads\\\/2023\\\/12\\\/d5.png\",\"width\":500,\"height\":500,\"caption\":\"recetas con encanto\"},\"image\":{\"@id\":\"https:\\\/\\\/recetasconencanto.com\\\/#\\\/schema\\\/logo\\\/image\\\/\"}},{\"@type\":\"Person\",\"@id\":\"https:\\\/\\\/recetasconencanto.com\\\/#\\\/schema\\\/person\\\/cc0604943b6ae325f196a6dd57e8acf5\",\"name\":\"maner\",\"url\":\"https:\\\/\\\/recetasconencanto.com\\\/index.php\\\/author\\\/maner\\\/\"}]}<\/script>\n<!-- \/ Yoast SEO Premium plugin. -->","yoast_head_json":{"title":"Tarta de pera, chocolate y almendras - recetas con encanto","robots":{"index":"index","follow":"follow","max-snippet":"max-snippet:-1","max-image-preview":"max-image-preview:large","max-video-preview":"max-video-preview:-1"},"canonical":"https:\/\/recetasconencanto.com\/index.php\/2023\/10\/16\/tarta-de-pera-chocolate-y-almendras\/","og_locale":"en_US","og_type":"article","og_title":"Tarta de pera, chocolate y almendras","og_description":"La tarta de pera, chocolate y almendras es un postre delicioso que combina el dulzor de las peras, el chocolate negro y el crujiente de las almendras. Aqu\u00ed tienes la ... Seguir leyendo","og_url":"https:\/\/recetasconencanto.com\/index.php\/2023\/10\/16\/tarta-de-pera-chocolate-y-almendras\/","og_site_name":"recetas con encanto","article_published_time":"2023-10-16T21:49:02+00:00","article_modified_time":"2023-10-16T21:49:05+00:00","og_image":[{"width":660,"height":330,"url":"http:\/\/recetasconencanto.com\/wp-content\/uploads\/2023\/10\/5-9.jpg","type":"image\/jpeg"}],"author":"maner","twitter_card":"summary_large_image","twitter_misc":{"Written by":"maner","Est. reading time":"2 minutes"},"schema":{"@context":"https:\/\/schema.org","@graph":[{"@type":"Article","@id":"https:\/\/recetasconencanto.com\/index.php\/2023\/10\/16\/tarta-de-pera-chocolate-y-almendras\/#article","isPartOf":{"@id":"https:\/\/recetasconencanto.com\/index.php\/2023\/10\/16\/tarta-de-pera-chocolate-y-almendras\/"},"author":{"name":"maner","@id":"https:\/\/recetasconencanto.com\/#\/schema\/person\/cc0604943b6ae325f196a6dd57e8acf5"},"headline":"Tarta de pera, chocolate y almendras","datePublished":"2023-10-16T21:49:02+00:00","dateModified":"2023-10-16T21:49:05+00:00","mainEntityOfPage":{"@id":"https:\/\/recetasconencanto.com\/index.php\/2023\/10\/16\/tarta-de-pera-chocolate-y-almendras\/"},"wordCount":355,"publisher":{"@id":"https:\/\/recetasconencanto.com\/#organization"},"image":{"@id":"https:\/\/recetasconencanto.com\/index.php\/2023\/10\/16\/tarta-de-pera-chocolate-y-almendras\/#primaryimage"},"thumbnailUrl":"https:\/\/recetasconencanto.com\/wp-content\/uploads\/2023\/10\/5-9.jpg","articleSection":["recetas"],"inLanguage":"en-US"},{"@type":"WebPage","@id":"https:\/\/recetasconencanto.com\/index.php\/2023\/10\/16\/tarta-de-pera-chocolate-y-almendras\/","url":"https:\/\/recetasconencanto.com\/index.php\/2023\/10\/16\/tarta-de-pera-chocolate-y-almendras\/","name":"Tarta de pera, chocolate y almendras - recetas con encanto","isPartOf":{"@id":"https:\/\/recetasconencanto.com\/#website"},"primaryImageOfPage":{"@id":"https:\/\/recetasconencanto.com\/index.php\/2023\/10\/16\/tarta-de-pera-chocolate-y-almendras\/#primaryimage"},"image":{"@id":"https:\/\/recetasconencanto.com\/index.php\/2023\/10\/16\/tarta-de-pera-chocolate-y-almendras\/#primaryimage"},"thumbnailUrl":"https:\/\/recetasconencanto.com\/wp-content\/uploads\/2023\/10\/5-9.jpg","datePublished":"2023-10-16T21:49:02+00:00","dateModified":"2023-10-16T21:49:05+00:00","breadcrumb":{"@id":"https:\/\/recetasconencanto.com\/index.php\/2023\/10\/16\/tarta-de-pera-chocolate-y-almendras\/#breadcrumb"},"inLanguage":"en-US","potentialAction":[{"@type":"ReadAction","target":["https:\/\/recetasconencanto.com\/index.php\/2023\/10\/16\/tarta-de-pera-chocolate-y-almendras\/"]}]},{"@type":"ImageObject","inLanguage":"en-US","@id":"https:\/\/recetasconencanto.com\/index.php\/2023\/10\/16\/tarta-de-pera-chocolate-y-almendras\/#primaryimage","url":"https:\/\/recetasconencanto.com\/wp-content\/uploads\/2023\/10\/5-9.jpg","contentUrl":"https:\/\/recetasconencanto.com\/wp-content\/uploads\/2023\/10\/5-9.jpg","width":660,"height":330},{"@type":"BreadcrumbList","@id":"https:\/\/recetasconencanto.com\/index.php\/2023\/10\/16\/tarta-de-pera-chocolate-y-almendras\/#breadcrumb","itemListElement":[{"@type":"ListItem","position":1,"name":"Home","item":"https:\/\/recetasconencanto.com\/"},{"@type":"ListItem","position":2,"name":"Tarta de pera, chocolate y almendras"}]},{"@type":"WebSite","@id":"https:\/\/recetasconencanto.com\/#website","url":"https:\/\/recetasconencanto.com\/","name":"recetas con encanto","description":"","publisher":{"@id":"https:\/\/recetasconencanto.com\/#organization"},"potentialAction":[{"@type":"SearchAction","target":{"@type":"EntryPoint","urlTemplate":"https:\/\/recetasconencanto.com\/?s={search_term_string}"},"query-input":{"@type":"PropertyValueSpecification","valueRequired":true,"valueName":"search_term_string"}}],"inLanguage":"en-US"},{"@type":"Organization","@id":"https:\/\/recetasconencanto.com\/#organization","name":"recetas con encanto","url":"https:\/\/recetasconencanto.com\/","logo":{"@type":"ImageObject","inLanguage":"en-US","@id":"https:\/\/recetasconencanto.com\/#\/schema\/logo\/image\/","url":"https:\/\/recetasconencanto.com\/wp-content\/uploads\/2023\/12\/d5.png","contentUrl":"https:\/\/recetasconencanto.com\/wp-content\/uploads\/2023\/12\/d5.png","width":500,"height":500,"caption":"recetas con encanto"},"image":{"@id":"https:\/\/recetasconencanto.com\/#\/schema\/logo\/image\/"}},{"@type":"Person","@id":"https:\/\/recetasconencanto.com\/#\/schema\/person\/cc0604943b6ae325f196a6dd57e8acf5","name":"maner","url":"https:\/\/recetasconencanto.com\/index.php\/author\/maner\/"}]}},"_links":{"self":[{"href":"https:\/\/recetasconencanto.com\/index.php\/wp-json\/wp\/v2\/posts\/4357","targetHints":{"allow":["GET"]}}],"collection":[{"href":"https:\/\/recetasconencanto.com\/index.php\/wp-json\/wp\/v2\/posts"}],"about":[{"href":"https:\/\/recetasconencanto.com\/index.php\/wp-json\/wp\/v2\/types\/post"}],"author":[{"embeddable":true,"href":"https:\/\/recetasconencanto.com\/index.php\/wp-json\/wp\/v2\/users\/2"}],"replies":[{"embeddable":true,"href":"https:\/\/recetasconencanto.com\/index.php\/wp-json\/wp\/v2\/comments?post=4357"}],"version-history":[{"count":1,"href":"https:\/\/recetasconencanto.com\/index.php\/wp-json\/wp\/v2\/posts\/4357\/revisions"}],"predecessor-version":[{"id":4361,"href":"https:\/\/recetasconencanto.com\/index.php\/wp-json\/wp\/v2\/posts\/4357\/revisions\/4361"}],"wp:featuredmedia":[{"embeddable":true,"href":"https:\/\/recetasconencanto.com\/index.php\/wp-json\/wp\/v2\/media\/4360"}],"wp:attachment":[{"href":"https:\/\/recetasconencanto.com\/index.php\/wp-json\/wp\/v2\/media?parent=4357"}],"wp:term":[{"taxonomy":"category","embeddable":true,"href":"https:\/\/recetasconencanto.com\/index.php\/wp-json\/wp\/v2\/categories?post=4357"},{"taxonomy":"post_tag","embeddable":true,"href":"https:\/\/recetasconencanto.com\/index.php\/wp-json\/wp\/v2\/tags?post=4357"}],"curies":[{"name":"wp","href":"https:\/\/api.w.org\/{rel}","templated":true}]}}