{"id":4925,"date":"2023-11-13T01:09:47","date_gmt":"2023-11-13T01:09:47","guid":{"rendered":"https:\/\/recetasconencanto.com\/?p=4925"},"modified":"2023-11-13T01:09:49","modified_gmt":"2023-11-13T01:09:49","slug":"el-tronco-de-navidad","status":"publish","type":"post","link":"https:\/\/recetasconencanto.com\/index.php\/2023\/11\/13\/el-tronco-de-navidad\/","title":{"rendered":"El tronco de Navidad"},"content":{"rendered":"\n<p>El tronco de Yule es un postre que se sirve tradicionalmente en Navidad, sobre todo en Francia y otros pa\u00edses franc\u00f3fonos. Se trata de un pastel enrollado que suele decorarse en forma de tronco, en homenaje a la tradici\u00f3n pagana de quemar un tronco en el solsticio de invierno.<\/p>\n\n\n\n<p>Aqu\u00ed tienes una receta del cl\u00e1sico tronco de Navidad con crema de mantequilla y chocolate:<\/p>\n\n\n\n<p><strong>Ingredientes:<\/strong><\/p>\n\n\n\n<p>Para el pastel enrollado :<\/p>\n\n\n\n<ul class=\"wp-block-list\">\n<li>4 huevos<\/li>\n\n\n\n<li>125 g de az\u00facar<\/li>\n\n\n\n<li>100 g de harina<\/li>\n\n\n\n<li>25 g de cacao en polvo<\/li>\n\n\n\n<li>1 cucharadita de extracto de vainilla<\/li>\n\n\n\n<li>1\/2 cucharadita de levadura en polvo<\/li>\n\n\n\n<li>Una pizca de sal<\/li>\n<\/ul>\n\n\n\n<p>Para la crema de chocolate :<\/p>\n\n\n\n<ul class=\"wp-block-list\">\n<li>200 g de chocolate negro<\/li>\n\n\n\n<li>250 g de mantequilla a temperatura ambiente<\/li>\n\n\n\n<li>250 g de az\u00facar glas<\/li>\n\n\n\n<li>2 cucharadas de cacao en polvo<\/li>\n\n\n\n<li>1 cucharadita de extracto de vainilla<\/li>\n<\/ul>\n\n\n\n<p>Para la decoraci\u00f3n :<\/p>\n\n\n\n<ul class=\"wp-block-list\">\n<li>Az\u00facar glas<\/li>\n\n\n\n<li>Figuritas de az\u00facar, setas de merengue y otros adornos navide\u00f1os<\/li>\n<\/ul>\n\n\n\n<p><strong>Instrucciones :<\/strong><\/p>\n\n\n\n<p><strong>Preparaci\u00f3n del pastel enrollado :<\/strong><\/p>\n\n\n\n<ol class=\"wp-block-list\">\n<li>Precalienta el horno a 180\u00b0C y forra una bandeja rectangular con papel de horno.<\/li>\n\n\n\n<li>En un bol, mezclar la harina, el cacao en polvo, la levadura qu\u00edmica y una pizca de sal.<\/li>\n\n\n\n<li>En otro bol, batir los huevos con el az\u00facar hasta que la mezcla blanquee y doble su volumen. A\u00f1adir el extracto de vainilla.<\/li>\n\n\n\n<li>Incorporar suavemente la mezcla de harina a los huevos, removiendo con cuidado para evitar que baje el volumen.<\/li>\n\n\n\n<li>Vierta la masa en la bandeja de horno y exti\u00e9ndala uniformemente.<\/li>\n\n\n\n<li>Hornear en el horno precalentado durante unos 10-12 minutos, o hasta que el pastel est\u00e9 cocido y rebote ligeramente al tacto.<\/li>\n\n\n\n<li>Sacar el pastel del horno y volcarlo sobre un pa\u00f1o de cocina limpio espolvoreado con az\u00facar glas. Enrolla el pastel en el pa\u00f1o y d\u00e9jalo enfriar.<\/li>\n<\/ol>\n\n\n\n<p><strong>Hacer la crema de mantequilla de chocolate :<\/strong><\/p>\n\n\n\n<ol class=\"wp-block-list\">\n<li>Fundir el chocolate negro al ba\u00f1o mar\u00eda o en el microondas. Dejar enfriar ligeramente.<\/li>\n\n\n\n<li>En un bol, batir la mantequilla a temperatura ambiente hasta que est\u00e9 cremosa.<\/li>\n\n\n\n<li>A\u00f1adir el chocolate fundido, el az\u00facar glas, el cacao en polvo y el extracto de vainilla. Batir hasta obtener una mezcla homog\u00e9nea.<\/li>\n<\/ol>\n\n\n\n<p><strong>Montaje del tronco :<\/strong><\/p>\n\n\n\n<ol class=\"wp-block-list\">\n<li>Desenrollar con cuidado el bizcocho enrollado enfriado.<\/li>\n\n\n\n<li>Extender una capa de buttercream de chocolate sobre la tarta.<\/li>\n\n\n\n<li>Extender con cuidado el bizcocho ayud\u00e1ndose del pa\u00f1o de cocina. Corta los extremos en \u00e1ngulo para unirlos al tronco.<\/li>\n\n\n\n<li>Extender una capa extra de buttercream sobre el tronco para alisar la superficie.<\/li>\n\n\n\n<li>Utiliza un tenedor para crear crestas en la superficie del tronco para imitar la apariencia de un tronco.<\/li>\n\n\n\n<li>Decora el tronco con figuritas de az\u00facar, setas de merengue u otros adornos navide\u00f1os.<\/li>\n\n\n\n<li>Refrigera el tronco durante unas horas o toda la noche para que cuaje.<\/li>\n<\/ol>\n\n\n\n<p>El tronco de Navidad es un postre cl\u00e1sico que da un toque festivo a la mesa navide\u00f1a. Puede personalizar la decoraci\u00f3n y los sabores a su gusto. \u00a1Disfrute de este delicioso postre navide\u00f1o!<\/p>\n","protected":false},"excerpt":{"rendered":"<p>El tronco de Yule es un postre que se sirve tradicionalmente en Navidad, sobre todo en Francia y otros pa\u00edses franc\u00f3fonos. Se trata de un pastel enrollado que suele decorarse &#8230; <\/p>\n<p class=\"read-more-container\"><a title=\"El tronco de Navidad\" class=\"read-more button\" href=\"https:\/\/recetasconencanto.com\/index.php\/2023\/11\/13\/el-tronco-de-navidad\/#more-4925\" aria-label=\"More on El tronco de Navidad\">Seguir leyendo<\/a><\/p>\n","protected":false},"author":2,"featured_media":4928,"comment_status":"closed","ping_status":"closed","sticky":false,"template":"","format":"standard","meta":{"footnotes":""},"categories":[1],"tags":[],"class_list":["post-4925","post","type-post","status-publish","format-standard","has-post-thumbnail","hentry","category-recetas","generate-columns","tablet-grid-50","mobile-grid-100","grid-parent","grid-50","no-featured-image-padding"],"yoast_head":"<!-- This site is optimized with the Yoast SEO Premium plugin v20.5 (Yoast SEO v27.5) - https:\/\/yoast.com\/product\/yoast-seo-premium-wordpress\/ -->\n<title>El tronco de Navidad - recetas con encanto<\/title>\n<meta name=\"robots\" content=\"index, follow, max-snippet:-1, max-image-preview:large, max-video-preview:-1\" \/>\n<link rel=\"canonical\" href=\"https:\/\/recetasconencanto.com\/index.php\/2023\/11\/13\/el-tronco-de-navidad\/\" \/>\n<meta property=\"og:locale\" content=\"en_US\" \/>\n<meta property=\"og:type\" content=\"article\" \/>\n<meta property=\"og:title\" content=\"El tronco de Navidad\" \/>\n<meta property=\"og:description\" content=\"El tronco de Yule es un postre que se sirve tradicionalmente en Navidad, sobre todo en Francia y otros pa\u00edses franc\u00f3fonos. Se trata de un pastel enrollado que suele decorarse ... Seguir leyendo\" \/>\n<meta property=\"og:url\" content=\"https:\/\/recetasconencanto.com\/index.php\/2023\/11\/13\/el-tronco-de-navidad\/\" \/>\n<meta property=\"og:site_name\" content=\"recetas con encanto\" \/>\n<meta property=\"article:published_time\" content=\"2023-11-13T01:09:47+00:00\" \/>\n<meta property=\"article:modified_time\" content=\"2023-11-13T01:09:49+00:00\" \/>\n<meta property=\"og:image\" content=\"http:\/\/recetasconencanto.com\/wp-content\/uploads\/2023\/11\/55.jpg\" \/>\n\t<meta property=\"og:image:width\" content=\"405\" \/>\n\t<meta property=\"og:image:height\" content=\"500\" \/>\n\t<meta property=\"og:image:type\" content=\"image\/jpeg\" \/>\n<meta name=\"author\" content=\"maner\" \/>\n<meta name=\"twitter:card\" content=\"summary_large_image\" \/>\n<meta name=\"twitter:label1\" content=\"Written by\" \/>\n\t<meta name=\"twitter:data1\" content=\"maner\" \/>\n\t<meta name=\"twitter:label2\" content=\"Est. reading time\" \/>\n\t<meta name=\"twitter:data2\" content=\"3 minutes\" \/>\n<script type=\"application\/ld+json\" class=\"yoast-schema-graph\">{\"@context\":\"https:\\\/\\\/schema.org\",\"@graph\":[{\"@type\":\"Article\",\"@id\":\"https:\\\/\\\/recetasconencanto.com\\\/index.php\\\/2023\\\/11\\\/13\\\/el-tronco-de-navidad\\\/#article\",\"isPartOf\":{\"@id\":\"https:\\\/\\\/recetasconencanto.com\\\/index.php\\\/2023\\\/11\\\/13\\\/el-tronco-de-navidad\\\/\"},\"author\":{\"name\":\"maner\",\"@id\":\"https:\\\/\\\/recetasconencanto.com\\\/#\\\/schema\\\/person\\\/cc0604943b6ae325f196a6dd57e8acf5\"},\"headline\":\"El tronco de Navidad\",\"datePublished\":\"2023-11-13T01:09:47+00:00\",\"dateModified\":\"2023-11-13T01:09:49+00:00\",\"mainEntityOfPage\":{\"@id\":\"https:\\\/\\\/recetasconencanto.com\\\/index.php\\\/2023\\\/11\\\/13\\\/el-tronco-de-navidad\\\/\"},\"wordCount\":497,\"publisher\":{\"@id\":\"https:\\\/\\\/recetasconencanto.com\\\/#organization\"},\"image\":{\"@id\":\"https:\\\/\\\/recetasconencanto.com\\\/index.php\\\/2023\\\/11\\\/13\\\/el-tronco-de-navidad\\\/#primaryimage\"},\"thumbnailUrl\":\"https:\\\/\\\/recetasconencanto.com\\\/wp-content\\\/uploads\\\/2023\\\/11\\\/55.jpg\",\"articleSection\":[\"recetas\"],\"inLanguage\":\"en-US\"},{\"@type\":\"WebPage\",\"@id\":\"https:\\\/\\\/recetasconencanto.com\\\/index.php\\\/2023\\\/11\\\/13\\\/el-tronco-de-navidad\\\/\",\"url\":\"https:\\\/\\\/recetasconencanto.com\\\/index.php\\\/2023\\\/11\\\/13\\\/el-tronco-de-navidad\\\/\",\"name\":\"El tronco de Navidad - recetas con encanto\",\"isPartOf\":{\"@id\":\"https:\\\/\\\/recetasconencanto.com\\\/#website\"},\"primaryImageOfPage\":{\"@id\":\"https:\\\/\\\/recetasconencanto.com\\\/index.php\\\/2023\\\/11\\\/13\\\/el-tronco-de-navidad\\\/#primaryimage\"},\"image\":{\"@id\":\"https:\\\/\\\/recetasconencanto.com\\\/index.php\\\/2023\\\/11\\\/13\\\/el-tronco-de-navidad\\\/#primaryimage\"},\"thumbnailUrl\":\"https:\\\/\\\/recetasconencanto.com\\\/wp-content\\\/uploads\\\/2023\\\/11\\\/55.jpg\",\"datePublished\":\"2023-11-13T01:09:47+00:00\",\"dateModified\":\"2023-11-13T01:09:49+00:00\",\"breadcrumb\":{\"@id\":\"https:\\\/\\\/recetasconencanto.com\\\/index.php\\\/2023\\\/11\\\/13\\\/el-tronco-de-navidad\\\/#breadcrumb\"},\"inLanguage\":\"en-US\",\"potentialAction\":[{\"@type\":\"ReadAction\",\"target\":[\"https:\\\/\\\/recetasconencanto.com\\\/index.php\\\/2023\\\/11\\\/13\\\/el-tronco-de-navidad\\\/\"]}]},{\"@type\":\"ImageObject\",\"inLanguage\":\"en-US\",\"@id\":\"https:\\\/\\\/recetasconencanto.com\\\/index.php\\\/2023\\\/11\\\/13\\\/el-tronco-de-navidad\\\/#primaryimage\",\"url\":\"https:\\\/\\\/recetasconencanto.com\\\/wp-content\\\/uploads\\\/2023\\\/11\\\/55.jpg\",\"contentUrl\":\"https:\\\/\\\/recetasconencanto.com\\\/wp-content\\\/uploads\\\/2023\\\/11\\\/55.jpg\",\"width\":405,\"height\":500},{\"@type\":\"BreadcrumbList\",\"@id\":\"https:\\\/\\\/recetasconencanto.com\\\/index.php\\\/2023\\\/11\\\/13\\\/el-tronco-de-navidad\\\/#breadcrumb\",\"itemListElement\":[{\"@type\":\"ListItem\",\"position\":1,\"name\":\"Home\",\"item\":\"https:\\\/\\\/recetasconencanto.com\\\/\"},{\"@type\":\"ListItem\",\"position\":2,\"name\":\"El tronco de Navidad\"}]},{\"@type\":\"WebSite\",\"@id\":\"https:\\\/\\\/recetasconencanto.com\\\/#website\",\"url\":\"https:\\\/\\\/recetasconencanto.com\\\/\",\"name\":\"recetas con encanto\",\"description\":\"\",\"publisher\":{\"@id\":\"https:\\\/\\\/recetasconencanto.com\\\/#organization\"},\"potentialAction\":[{\"@type\":\"SearchAction\",\"target\":{\"@type\":\"EntryPoint\",\"urlTemplate\":\"https:\\\/\\\/recetasconencanto.com\\\/?s={search_term_string}\"},\"query-input\":{\"@type\":\"PropertyValueSpecification\",\"valueRequired\":true,\"valueName\":\"search_term_string\"}}],\"inLanguage\":\"en-US\"},{\"@type\":\"Organization\",\"@id\":\"https:\\\/\\\/recetasconencanto.com\\\/#organization\",\"name\":\"recetas con encanto\",\"url\":\"https:\\\/\\\/recetasconencanto.com\\\/\",\"logo\":{\"@type\":\"ImageObject\",\"inLanguage\":\"en-US\",\"@id\":\"https:\\\/\\\/recetasconencanto.com\\\/#\\\/schema\\\/logo\\\/image\\\/\",\"url\":\"https:\\\/\\\/recetasconencanto.com\\\/wp-content\\\/uploads\\\/2023\\\/12\\\/d5.png\",\"contentUrl\":\"https:\\\/\\\/recetasconencanto.com\\\/wp-content\\\/uploads\\\/2023\\\/12\\\/d5.png\",\"width\":500,\"height\":500,\"caption\":\"recetas con encanto\"},\"image\":{\"@id\":\"https:\\\/\\\/recetasconencanto.com\\\/#\\\/schema\\\/logo\\\/image\\\/\"}},{\"@type\":\"Person\",\"@id\":\"https:\\\/\\\/recetasconencanto.com\\\/#\\\/schema\\\/person\\\/cc0604943b6ae325f196a6dd57e8acf5\",\"name\":\"maner\",\"url\":\"https:\\\/\\\/recetasconencanto.com\\\/index.php\\\/author\\\/maner\\\/\"}]}<\/script>\n<!-- \/ Yoast SEO Premium plugin. -->","yoast_head_json":{"title":"El tronco de Navidad - recetas con encanto","robots":{"index":"index","follow":"follow","max-snippet":"max-snippet:-1","max-image-preview":"max-image-preview:large","max-video-preview":"max-video-preview:-1"},"canonical":"https:\/\/recetasconencanto.com\/index.php\/2023\/11\/13\/el-tronco-de-navidad\/","og_locale":"en_US","og_type":"article","og_title":"El tronco de Navidad","og_description":"El tronco de Yule es un postre que se sirve tradicionalmente en Navidad, sobre todo en Francia y otros pa\u00edses franc\u00f3fonos. Se trata de un pastel enrollado que suele decorarse ... Seguir leyendo","og_url":"https:\/\/recetasconencanto.com\/index.php\/2023\/11\/13\/el-tronco-de-navidad\/","og_site_name":"recetas con encanto","article_published_time":"2023-11-13T01:09:47+00:00","article_modified_time":"2023-11-13T01:09:49+00:00","og_image":[{"width":405,"height":500,"url":"http:\/\/recetasconencanto.com\/wp-content\/uploads\/2023\/11\/55.jpg","type":"image\/jpeg"}],"author":"maner","twitter_card":"summary_large_image","twitter_misc":{"Written by":"maner","Est. reading time":"3 minutes"},"schema":{"@context":"https:\/\/schema.org","@graph":[{"@type":"Article","@id":"https:\/\/recetasconencanto.com\/index.php\/2023\/11\/13\/el-tronco-de-navidad\/#article","isPartOf":{"@id":"https:\/\/recetasconencanto.com\/index.php\/2023\/11\/13\/el-tronco-de-navidad\/"},"author":{"name":"maner","@id":"https:\/\/recetasconencanto.com\/#\/schema\/person\/cc0604943b6ae325f196a6dd57e8acf5"},"headline":"El tronco de Navidad","datePublished":"2023-11-13T01:09:47+00:00","dateModified":"2023-11-13T01:09:49+00:00","mainEntityOfPage":{"@id":"https:\/\/recetasconencanto.com\/index.php\/2023\/11\/13\/el-tronco-de-navidad\/"},"wordCount":497,"publisher":{"@id":"https:\/\/recetasconencanto.com\/#organization"},"image":{"@id":"https:\/\/recetasconencanto.com\/index.php\/2023\/11\/13\/el-tronco-de-navidad\/#primaryimage"},"thumbnailUrl":"https:\/\/recetasconencanto.com\/wp-content\/uploads\/2023\/11\/55.jpg","articleSection":["recetas"],"inLanguage":"en-US"},{"@type":"WebPage","@id":"https:\/\/recetasconencanto.com\/index.php\/2023\/11\/13\/el-tronco-de-navidad\/","url":"https:\/\/recetasconencanto.com\/index.php\/2023\/11\/13\/el-tronco-de-navidad\/","name":"El tronco de Navidad - recetas con encanto","isPartOf":{"@id":"https:\/\/recetasconencanto.com\/#website"},"primaryImageOfPage":{"@id":"https:\/\/recetasconencanto.com\/index.php\/2023\/11\/13\/el-tronco-de-navidad\/#primaryimage"},"image":{"@id":"https:\/\/recetasconencanto.com\/index.php\/2023\/11\/13\/el-tronco-de-navidad\/#primaryimage"},"thumbnailUrl":"https:\/\/recetasconencanto.com\/wp-content\/uploads\/2023\/11\/55.jpg","datePublished":"2023-11-13T01:09:47+00:00","dateModified":"2023-11-13T01:09:49+00:00","breadcrumb":{"@id":"https:\/\/recetasconencanto.com\/index.php\/2023\/11\/13\/el-tronco-de-navidad\/#breadcrumb"},"inLanguage":"en-US","potentialAction":[{"@type":"ReadAction","target":["https:\/\/recetasconencanto.com\/index.php\/2023\/11\/13\/el-tronco-de-navidad\/"]}]},{"@type":"ImageObject","inLanguage":"en-US","@id":"https:\/\/recetasconencanto.com\/index.php\/2023\/11\/13\/el-tronco-de-navidad\/#primaryimage","url":"https:\/\/recetasconencanto.com\/wp-content\/uploads\/2023\/11\/55.jpg","contentUrl":"https:\/\/recetasconencanto.com\/wp-content\/uploads\/2023\/11\/55.jpg","width":405,"height":500},{"@type":"BreadcrumbList","@id":"https:\/\/recetasconencanto.com\/index.php\/2023\/11\/13\/el-tronco-de-navidad\/#breadcrumb","itemListElement":[{"@type":"ListItem","position":1,"name":"Home","item":"https:\/\/recetasconencanto.com\/"},{"@type":"ListItem","position":2,"name":"El tronco de Navidad"}]},{"@type":"WebSite","@id":"https:\/\/recetasconencanto.com\/#website","url":"https:\/\/recetasconencanto.com\/","name":"recetas con encanto","description":"","publisher":{"@id":"https:\/\/recetasconencanto.com\/#organization"},"potentialAction":[{"@type":"SearchAction","target":{"@type":"EntryPoint","urlTemplate":"https:\/\/recetasconencanto.com\/?s={search_term_string}"},"query-input":{"@type":"PropertyValueSpecification","valueRequired":true,"valueName":"search_term_string"}}],"inLanguage":"en-US"},{"@type":"Organization","@id":"https:\/\/recetasconencanto.com\/#organization","name":"recetas con encanto","url":"https:\/\/recetasconencanto.com\/","logo":{"@type":"ImageObject","inLanguage":"en-US","@id":"https:\/\/recetasconencanto.com\/#\/schema\/logo\/image\/","url":"https:\/\/recetasconencanto.com\/wp-content\/uploads\/2023\/12\/d5.png","contentUrl":"https:\/\/recetasconencanto.com\/wp-content\/uploads\/2023\/12\/d5.png","width":500,"height":500,"caption":"recetas con encanto"},"image":{"@id":"https:\/\/recetasconencanto.com\/#\/schema\/logo\/image\/"}},{"@type":"Person","@id":"https:\/\/recetasconencanto.com\/#\/schema\/person\/cc0604943b6ae325f196a6dd57e8acf5","name":"maner","url":"https:\/\/recetasconencanto.com\/index.php\/author\/maner\/"}]}},"_links":{"self":[{"href":"https:\/\/recetasconencanto.com\/index.php\/wp-json\/wp\/v2\/posts\/4925","targetHints":{"allow":["GET"]}}],"collection":[{"href":"https:\/\/recetasconencanto.com\/index.php\/wp-json\/wp\/v2\/posts"}],"about":[{"href":"https:\/\/recetasconencanto.com\/index.php\/wp-json\/wp\/v2\/types\/post"}],"author":[{"embeddable":true,"href":"https:\/\/recetasconencanto.com\/index.php\/wp-json\/wp\/v2\/users\/2"}],"replies":[{"embeddable":true,"href":"https:\/\/recetasconencanto.com\/index.php\/wp-json\/wp\/v2\/comments?post=4925"}],"version-history":[{"count":1,"href":"https:\/\/recetasconencanto.com\/index.php\/wp-json\/wp\/v2\/posts\/4925\/revisions"}],"predecessor-version":[{"id":4929,"href":"https:\/\/recetasconencanto.com\/index.php\/wp-json\/wp\/v2\/posts\/4925\/revisions\/4929"}],"wp:featuredmedia":[{"embeddable":true,"href":"https:\/\/recetasconencanto.com\/index.php\/wp-json\/wp\/v2\/media\/4928"}],"wp:attachment":[{"href":"https:\/\/recetasconencanto.com\/index.php\/wp-json\/wp\/v2\/media?parent=4925"}],"wp:term":[{"taxonomy":"category","embeddable":true,"href":"https:\/\/recetasconencanto.com\/index.php\/wp-json\/wp\/v2\/categories?post=4925"},{"taxonomy":"post_tag","embeddable":true,"href":"https:\/\/recetasconencanto.com\/index.php\/wp-json\/wp\/v2\/tags?post=4925"}],"curies":[{"name":"wp","href":"https:\/\/api.w.org\/{rel}","templated":true}]}}