{"id":5096,"date":"2023-11-17T18:52:00","date_gmt":"2023-11-17T18:52:00","guid":{"rendered":"https:\/\/recetasconencanto.com\/?p=5096"},"modified":"2023-11-17T18:52:02","modified_gmt":"2023-11-17T18:52:02","slug":"no-todos-recuerdan-esta-planta-en-el-alfeizar-de-la-abuela-su-valor-es-incalculable","status":"publish","type":"post","link":"https:\/\/recetasconencanto.com\/index.php\/2023\/11\/17\/no-todos-recuerdan-esta-planta-en-el-alfeizar-de-la-abuela-su-valor-es-incalculable\/","title":{"rendered":"No todos recuerdan esta PLANTA en el alf\u00e9izar de la abuela: \u00a1Su valor es incalculable!"},"content":{"rendered":"\n<p>Esta planta, que alguna vez fue imprescindible en todos los hogares y se cultivaba en gran medida en los alf\u00e9izares y durante el invierno en interiores.<\/p>\n\n\n\n<p>Es pariente de los geranios, que son bien conocidos, y fue presentada hace a\u00f1os por mi abuela.<\/p>\n\n\n\n<p>Se trata del Pelargonium citrosum &#8220;Citronella&#8221;, es decir, el geranio citronela.<\/p>\n\n\n\n<p>Las personas que a\u00fan lo cultivan no pueden prescindir de \u00e9l, ya que tiene muchas propiedades \u00fatiles.<\/p>\n\n\n\n<p><strong>Repelente de insectos<\/strong> Puedes cultivar esta planta en el interior de tu hogar, pero durante la temporada tambi\u00e9n prosperar\u00e1 al aire libre.<\/p>\n\n\n\n<p>Se caracteriza por su dulce aroma a lim\u00f3n, que es agradable para nuestra nariz, pero los mosquitos y otros insectos no lo toleran.<\/p>\n\n\n\n<p>Por lo tanto, si quieres protegerte de estos molestos insectos, machaca unas hojas entre tus dedos y \u00fantate con ellas.<\/p>\n\n\n\n<p>Te sorprender\u00e1 lo fant\u00e1stico que es este repelente natural en este geranio.<\/p>\n\n\n\n<p>Adem\u00e1s del insecto volador, las hormigas y las ara\u00f1as tampoco aprecian el olor del geranio citronela.<\/p>\n\n\n\n<p><strong>Purifica y perfuma el aire<\/strong> Quiz\u00e1s alguien recuerde el geranio citronela de la infancia y su fragancia te recuerde, por ejemplo, a tu abuela.<\/p>\n\n\n\n<p>Es muy probable, ya que nuestras abuelas sab\u00edan lo que era bueno y siempre ten\u00edan estos geranios cerca.<\/p>\n\n\n\n<p>Para refrescar el aire, no necesitaban qu\u00edmicos, ya que esta planta lo hac\u00eda perfectamente.<\/p>\n\n\n\n<p>Es muy f\u00e1cil de cultivar, as\u00ed que aseg\u00farate de conseguir uno lo antes posible.<\/p>\n\n\n\n<p><strong>Propiedades curativas<\/strong> El geranio citronela, adem\u00e1s de las ventajas mencionadas, tiene otras.<\/p>\n\n\n\n<p>Tiene propiedades antibacterianas y antivirales. Puedes utilizarlo para tratar, por ejemplo, estas dificultades de salud:<\/p>\n\n\n\n<ul class=\"wp-block-list\">\n<li>Infecciones respiratorias<\/li>\n\n\n\n<li>Dolor de garganta<\/li>\n\n\n\n<li>Alivia la congesti\u00f3n nasal<\/li>\n\n\n\n<li>Alivia el dolor de o\u00eddo<\/li>\n\n\n\n<li>Alivia dolores reum\u00e1ticos<\/li>\n\n\n\n<li>Alivia dolores de cabeza<\/li>\n\n\n\n<li>Desinfecta cortes peque\u00f1os<\/li>\n\n\n\n<li>Alivia hinchaz\u00f3n y picaz\u00f3n por picaduras de insectos<\/li>\n\n\n\n<li>Alivia el dolor de dientes<\/li>\n\n\n\n<li>Reduce cicatrices<\/li>\n\n\n\n<li>Ayuda contra el estr\u00e9s<\/li>\n<\/ul>\n\n\n\n<p><strong>Infusi\u00f3n de geranio citronela<\/strong> Puedes utilizar esta infusi\u00f3n como enjuague bucal o como base para compresas curativas.<\/p>\n\n\n\n<p>Vierte una taza de hojas frescas reci\u00e9n cortadas con agua hirviendo.<\/p>\n\n\n\n<p>Deja hervir durante 15 minutos tapado.<\/p>\n\n\n\n<p>Luego, deja que se enfr\u00ede ligeramente, cuela y \u00fasalo.<\/p>\n\n\n\n<p>Para dolores de cabeza, picaduras de insectos, dolores reum\u00e1ticos, etc., usa las hojas machacadas directamente y aplica la compresa de esta pulpa.<\/p>\n\n\n\n<p>Adem\u00e1s de los efectos mencionados anteriormente, \u00a1el geranio citronela seguramente ser\u00e1 tambi\u00e9n un hermoso adorno para tu jard\u00edn!<\/p>\n\n\n\n<p>\u00a1No lo compres, simplemente multipl\u00edcalo de esta manera tan sencilla!<\/p>\n\n\n\n<p>Este es el m\u00e9todo m\u00e1s sencillo para cultivar muchas m\u00e1s plantas a partir de una sola.<\/p>\n\n\n\n<p>Es importante obtener un corte adecuado de la planta.<\/p>\n\n\n\n<p>Siempre obtenlo con un cuchillo afilado.<\/p>\n\n\n\n<p>Nunca lo arranques ni lo cortes con tijeras.<\/p>\n\n\n\n<p>Corta un tallo verde sin da\u00f1os con una longitud de aproximadamente 10 cm de la planta, que tenga al menos dos pares de hojas, con un corte en diagonal debajo del segundo par de hojas.<\/p>\n\n\n\n<p>Cada corte debe tener como m\u00e1ximo 3 hojas, as\u00ed que simplemente arranca las dem\u00e1s.<\/p>\n\n\n\n<p>Para garantizar el mayor \u00e9xito en el enraizamiento, trata el corte con un estimulante de enraizamiento (como alternativa, algunos utilizan canela).<\/p>\n\n\n\n<p>Luego, clava los esquejes en macetas m\u00e1s peque\u00f1as (las macetas m\u00e1s peque\u00f1as son suficientes para el enraizamiento y la invernada de la planta).<\/p>\n\n\n\n<p>Las macetas deben estar llenas de un sustrato de calidad, y aseg\u00farate de no olvidar la capa de drenaje hecha de una mezcla de arena y turba.<\/p>\n\n\n\n<p>Riega los esquejes y c\u00fabrelos con una bolsa de pl\u00e1stico, que retendr\u00e1 la humedad y proteger\u00e1 la planta.<\/p>\n\n\n\n<p>Inicialmente, col\u00f3calos en un lugar luminoso y c\u00e1lido, luego en una habitaci\u00f3n con una temperatura de 4-10 grados Celsius (all\u00ed, deja que la planta pase el invierno).<\/p>\n\n\n\n<p>El pr\u00f3ximo a\u00f1o, podr\u00e1s disfrutar de una explosi\u00f3n de colores en tu balc\u00f3n.<\/p>\n","protected":false},"excerpt":{"rendered":"<p>Esta planta, que alguna vez fue imprescindible en todos los hogares y se cultivaba en gran medida en los alf\u00e9izares y durante el invierno en interiores. Es pariente de los &#8230; <\/p>\n<p class=\"read-more-container\"><a title=\"No todos recuerdan esta PLANTA en el alf\u00e9izar de la abuela: \u00a1Su valor es incalculable!\" class=\"read-more button\" href=\"https:\/\/recetasconencanto.com\/index.php\/2023\/11\/17\/no-todos-recuerdan-esta-planta-en-el-alfeizar-de-la-abuela-su-valor-es-incalculable\/#more-5096\" aria-label=\"More on No todos recuerdan esta PLANTA en el alf\u00e9izar de la abuela: \u00a1Su valor es incalculable!\">Seguir leyendo<\/a><\/p>\n","protected":false},"author":5,"featured_media":5098,"comment_status":"closed","ping_status":"closed","sticky":false,"template":"","format":"standard","meta":{"footnotes":""},"categories":[3],"tags":[],"class_list":["post-5096","post","type-post","status-publish","format-standard","has-post-thumbnail","hentry","category-jardin-y-consejos","generate-columns","tablet-grid-50","mobile-grid-100","grid-parent","grid-50","no-featured-image-padding"],"yoast_head":"<!-- This site is optimized with the Yoast SEO Premium plugin v20.5 (Yoast SEO v27.5) - https:\/\/yoast.com\/product\/yoast-seo-premium-wordpress\/ -->\n<title>No todos recuerdan esta PLANTA en el alf\u00e9izar de la abuela: \u00a1Su valor es incalculable! - recetas con encanto<\/title>\n<meta name=\"robots\" content=\"index, follow, max-snippet:-1, max-image-preview:large, max-video-preview:-1\" \/>\n<link rel=\"canonical\" href=\"https:\/\/recetasconencanto.com\/index.php\/2023\/11\/17\/no-todos-recuerdan-esta-planta-en-el-alfeizar-de-la-abuela-su-valor-es-incalculable\/\" \/>\n<meta property=\"og:locale\" content=\"en_US\" \/>\n<meta property=\"og:type\" content=\"article\" \/>\n<meta property=\"og:title\" content=\"No todos recuerdan esta PLANTA en el alf\u00e9izar de la abuela: \u00a1Su valor es incalculable!\" \/>\n<meta property=\"og:description\" content=\"Esta planta, que alguna vez fue imprescindible en todos los hogares y se cultivaba en gran medida en los alf\u00e9izares y durante el invierno en interiores. Es pariente de los ... Seguir leyendo\" \/>\n<meta property=\"og:url\" content=\"https:\/\/recetasconencanto.com\/index.php\/2023\/11\/17\/no-todos-recuerdan-esta-planta-en-el-alfeizar-de-la-abuela-su-valor-es-incalculable\/\" \/>\n<meta property=\"og:site_name\" content=\"recetas con encanto\" \/>\n<meta property=\"article:published_time\" content=\"2023-11-17T18:52:00+00:00\" \/>\n<meta property=\"article:modified_time\" content=\"2023-11-17T18:52:02+00:00\" \/>\n<meta property=\"og:image\" content=\"http:\/\/recetasconencanto.com\/wp-content\/uploads\/2023\/11\/20232877_10210166324220873_1115871595977057359_o.jpg\" \/>\n\t<meta property=\"og:image:width\" content=\"889\" \/>\n\t<meta property=\"og:image:height\" content=\"500\" \/>\n\t<meta property=\"og:image:type\" content=\"image\/jpeg\" \/>\n<meta name=\"author\" content=\"recetasconencanto\" \/>\n<meta name=\"twitter:card\" content=\"summary_large_image\" \/>\n<meta name=\"twitter:label1\" content=\"Written by\" \/>\n\t<meta name=\"twitter:data1\" content=\"recetasconencanto\" \/>\n\t<meta name=\"twitter:label2\" content=\"Est. reading time\" \/>\n\t<meta name=\"twitter:data2\" content=\"3 minutes\" \/>\n<script type=\"application\/ld+json\" class=\"yoast-schema-graph\">{\"@context\":\"https:\\\/\\\/schema.org\",\"@graph\":[{\"@type\":\"Article\",\"@id\":\"https:\\\/\\\/recetasconencanto.com\\\/index.php\\\/2023\\\/11\\\/17\\\/no-todos-recuerdan-esta-planta-en-el-alfeizar-de-la-abuela-su-valor-es-incalculable\\\/#article\",\"isPartOf\":{\"@id\":\"https:\\\/\\\/recetasconencanto.com\\\/index.php\\\/2023\\\/11\\\/17\\\/no-todos-recuerdan-esta-planta-en-el-alfeizar-de-la-abuela-su-valor-es-incalculable\\\/\"},\"author\":{\"name\":\"recetasconencanto\",\"@id\":\"https:\\\/\\\/recetasconencanto.com\\\/#\\\/schema\\\/person\\\/7916575b1106b37594daa6185ed1a4a1\"},\"headline\":\"No todos recuerdan esta PLANTA en el alf\u00e9izar de la abuela: \u00a1Su valor es incalculable!\",\"datePublished\":\"2023-11-17T18:52:00+00:00\",\"dateModified\":\"2023-11-17T18:52:02+00:00\",\"mainEntityOfPage\":{\"@id\":\"https:\\\/\\\/recetasconencanto.com\\\/index.php\\\/2023\\\/11\\\/17\\\/no-todos-recuerdan-esta-planta-en-el-alfeizar-de-la-abuela-su-valor-es-incalculable\\\/\"},\"wordCount\":680,\"publisher\":{\"@id\":\"https:\\\/\\\/recetasconencanto.com\\\/#organization\"},\"image\":{\"@id\":\"https:\\\/\\\/recetasconencanto.com\\\/index.php\\\/2023\\\/11\\\/17\\\/no-todos-recuerdan-esta-planta-en-el-alfeizar-de-la-abuela-su-valor-es-incalculable\\\/#primaryimage\"},\"thumbnailUrl\":\"https:\\\/\\\/recetasconencanto.com\\\/wp-content\\\/uploads\\\/2023\\\/11\\\/20232877_10210166324220873_1115871595977057359_o.jpg\",\"articleSection\":[\"jard\u00edn\"],\"inLanguage\":\"en-US\"},{\"@type\":\"WebPage\",\"@id\":\"https:\\\/\\\/recetasconencanto.com\\\/index.php\\\/2023\\\/11\\\/17\\\/no-todos-recuerdan-esta-planta-en-el-alfeizar-de-la-abuela-su-valor-es-incalculable\\\/\",\"url\":\"https:\\\/\\\/recetasconencanto.com\\\/index.php\\\/2023\\\/11\\\/17\\\/no-todos-recuerdan-esta-planta-en-el-alfeizar-de-la-abuela-su-valor-es-incalculable\\\/\",\"name\":\"No todos recuerdan esta PLANTA en el alf\u00e9izar de la abuela: \u00a1Su valor es incalculable! - recetas con encanto\",\"isPartOf\":{\"@id\":\"https:\\\/\\\/recetasconencanto.com\\\/#website\"},\"primaryImageOfPage\":{\"@id\":\"https:\\\/\\\/recetasconencanto.com\\\/index.php\\\/2023\\\/11\\\/17\\\/no-todos-recuerdan-esta-planta-en-el-alfeizar-de-la-abuela-su-valor-es-incalculable\\\/#primaryimage\"},\"image\":{\"@id\":\"https:\\\/\\\/recetasconencanto.com\\\/index.php\\\/2023\\\/11\\\/17\\\/no-todos-recuerdan-esta-planta-en-el-alfeizar-de-la-abuela-su-valor-es-incalculable\\\/#primaryimage\"},\"thumbnailUrl\":\"https:\\\/\\\/recetasconencanto.com\\\/wp-content\\\/uploads\\\/2023\\\/11\\\/20232877_10210166324220873_1115871595977057359_o.jpg\",\"datePublished\":\"2023-11-17T18:52:00+00:00\",\"dateModified\":\"2023-11-17T18:52:02+00:00\",\"breadcrumb\":{\"@id\":\"https:\\\/\\\/recetasconencanto.com\\\/index.php\\\/2023\\\/11\\\/17\\\/no-todos-recuerdan-esta-planta-en-el-alfeizar-de-la-abuela-su-valor-es-incalculable\\\/#breadcrumb\"},\"inLanguage\":\"en-US\",\"potentialAction\":[{\"@type\":\"ReadAction\",\"target\":[\"https:\\\/\\\/recetasconencanto.com\\\/index.php\\\/2023\\\/11\\\/17\\\/no-todos-recuerdan-esta-planta-en-el-alfeizar-de-la-abuela-su-valor-es-incalculable\\\/\"]}]},{\"@type\":\"ImageObject\",\"inLanguage\":\"en-US\",\"@id\":\"https:\\\/\\\/recetasconencanto.com\\\/index.php\\\/2023\\\/11\\\/17\\\/no-todos-recuerdan-esta-planta-en-el-alfeizar-de-la-abuela-su-valor-es-incalculable\\\/#primaryimage\",\"url\":\"https:\\\/\\\/recetasconencanto.com\\\/wp-content\\\/uploads\\\/2023\\\/11\\\/20232877_10210166324220873_1115871595977057359_o.jpg\",\"contentUrl\":\"https:\\\/\\\/recetasconencanto.com\\\/wp-content\\\/uploads\\\/2023\\\/11\\\/20232877_10210166324220873_1115871595977057359_o.jpg\",\"width\":889,\"height\":500},{\"@type\":\"BreadcrumbList\",\"@id\":\"https:\\\/\\\/recetasconencanto.com\\\/index.php\\\/2023\\\/11\\\/17\\\/no-todos-recuerdan-esta-planta-en-el-alfeizar-de-la-abuela-su-valor-es-incalculable\\\/#breadcrumb\",\"itemListElement\":[{\"@type\":\"ListItem\",\"position\":1,\"name\":\"Home\",\"item\":\"https:\\\/\\\/recetasconencanto.com\\\/\"},{\"@type\":\"ListItem\",\"position\":2,\"name\":\"No todos recuerdan esta PLANTA en el alf\u00e9izar de la abuela: \u00a1Su valor es incalculable!\"}]},{\"@type\":\"WebSite\",\"@id\":\"https:\\\/\\\/recetasconencanto.com\\\/#website\",\"url\":\"https:\\\/\\\/recetasconencanto.com\\\/\",\"name\":\"recetas con encanto\",\"description\":\"\",\"publisher\":{\"@id\":\"https:\\\/\\\/recetasconencanto.com\\\/#organization\"},\"potentialAction\":[{\"@type\":\"SearchAction\",\"target\":{\"@type\":\"EntryPoint\",\"urlTemplate\":\"https:\\\/\\\/recetasconencanto.com\\\/?s={search_term_string}\"},\"query-input\":{\"@type\":\"PropertyValueSpecification\",\"valueRequired\":true,\"valueName\":\"search_term_string\"}}],\"inLanguage\":\"en-US\"},{\"@type\":\"Organization\",\"@id\":\"https:\\\/\\\/recetasconencanto.com\\\/#organization\",\"name\":\"recetas con encanto\",\"url\":\"https:\\\/\\\/recetasconencanto.com\\\/\",\"logo\":{\"@type\":\"ImageObject\",\"inLanguage\":\"en-US\",\"@id\":\"https:\\\/\\\/recetasconencanto.com\\\/#\\\/schema\\\/logo\\\/image\\\/\",\"url\":\"https:\\\/\\\/recetasconencanto.com\\\/wp-content\\\/uploads\\\/2023\\\/12\\\/d5.png\",\"contentUrl\":\"https:\\\/\\\/recetasconencanto.com\\\/wp-content\\\/uploads\\\/2023\\\/12\\\/d5.png\",\"width\":500,\"height\":500,\"caption\":\"recetas con encanto\"},\"image\":{\"@id\":\"https:\\\/\\\/recetasconencanto.com\\\/#\\\/schema\\\/logo\\\/image\\\/\"}},{\"@type\":\"Person\",\"@id\":\"https:\\\/\\\/recetasconencanto.com\\\/#\\\/schema\\\/person\\\/7916575b1106b37594daa6185ed1a4a1\",\"name\":\"recetasconencanto\",\"url\":\"https:\\\/\\\/recetasconencanto.com\\\/index.php\\\/author\\\/recetasconencanto\\\/\"}]}<\/script>\n<!-- \/ Yoast SEO Premium plugin. -->","yoast_head_json":{"title":"No todos recuerdan esta PLANTA en el alf\u00e9izar de la abuela: \u00a1Su valor es incalculable! - recetas con encanto","robots":{"index":"index","follow":"follow","max-snippet":"max-snippet:-1","max-image-preview":"max-image-preview:large","max-video-preview":"max-video-preview:-1"},"canonical":"https:\/\/recetasconencanto.com\/index.php\/2023\/11\/17\/no-todos-recuerdan-esta-planta-en-el-alfeizar-de-la-abuela-su-valor-es-incalculable\/","og_locale":"en_US","og_type":"article","og_title":"No todos recuerdan esta PLANTA en el alf\u00e9izar de la abuela: \u00a1Su valor es incalculable!","og_description":"Esta planta, que alguna vez fue imprescindible en todos los hogares y se cultivaba en gran medida en los alf\u00e9izares y durante el invierno en interiores. Es pariente de los ... Seguir leyendo","og_url":"https:\/\/recetasconencanto.com\/index.php\/2023\/11\/17\/no-todos-recuerdan-esta-planta-en-el-alfeizar-de-la-abuela-su-valor-es-incalculable\/","og_site_name":"recetas con encanto","article_published_time":"2023-11-17T18:52:00+00:00","article_modified_time":"2023-11-17T18:52:02+00:00","og_image":[{"width":889,"height":500,"url":"http:\/\/recetasconencanto.com\/wp-content\/uploads\/2023\/11\/20232877_10210166324220873_1115871595977057359_o.jpg","type":"image\/jpeg"}],"author":"recetasconencanto","twitter_card":"summary_large_image","twitter_misc":{"Written by":"recetasconencanto","Est. reading time":"3 minutes"},"schema":{"@context":"https:\/\/schema.org","@graph":[{"@type":"Article","@id":"https:\/\/recetasconencanto.com\/index.php\/2023\/11\/17\/no-todos-recuerdan-esta-planta-en-el-alfeizar-de-la-abuela-su-valor-es-incalculable\/#article","isPartOf":{"@id":"https:\/\/recetasconencanto.com\/index.php\/2023\/11\/17\/no-todos-recuerdan-esta-planta-en-el-alfeizar-de-la-abuela-su-valor-es-incalculable\/"},"author":{"name":"recetasconencanto","@id":"https:\/\/recetasconencanto.com\/#\/schema\/person\/7916575b1106b37594daa6185ed1a4a1"},"headline":"No todos recuerdan esta PLANTA en el alf\u00e9izar de la abuela: \u00a1Su valor es incalculable!","datePublished":"2023-11-17T18:52:00+00:00","dateModified":"2023-11-17T18:52:02+00:00","mainEntityOfPage":{"@id":"https:\/\/recetasconencanto.com\/index.php\/2023\/11\/17\/no-todos-recuerdan-esta-planta-en-el-alfeizar-de-la-abuela-su-valor-es-incalculable\/"},"wordCount":680,"publisher":{"@id":"https:\/\/recetasconencanto.com\/#organization"},"image":{"@id":"https:\/\/recetasconencanto.com\/index.php\/2023\/11\/17\/no-todos-recuerdan-esta-planta-en-el-alfeizar-de-la-abuela-su-valor-es-incalculable\/#primaryimage"},"thumbnailUrl":"https:\/\/recetasconencanto.com\/wp-content\/uploads\/2023\/11\/20232877_10210166324220873_1115871595977057359_o.jpg","articleSection":["jard\u00edn"],"inLanguage":"en-US"},{"@type":"WebPage","@id":"https:\/\/recetasconencanto.com\/index.php\/2023\/11\/17\/no-todos-recuerdan-esta-planta-en-el-alfeizar-de-la-abuela-su-valor-es-incalculable\/","url":"https:\/\/recetasconencanto.com\/index.php\/2023\/11\/17\/no-todos-recuerdan-esta-planta-en-el-alfeizar-de-la-abuela-su-valor-es-incalculable\/","name":"No todos recuerdan esta PLANTA en el alf\u00e9izar de la abuela: \u00a1Su valor es incalculable! - recetas con encanto","isPartOf":{"@id":"https:\/\/recetasconencanto.com\/#website"},"primaryImageOfPage":{"@id":"https:\/\/recetasconencanto.com\/index.php\/2023\/11\/17\/no-todos-recuerdan-esta-planta-en-el-alfeizar-de-la-abuela-su-valor-es-incalculable\/#primaryimage"},"image":{"@id":"https:\/\/recetasconencanto.com\/index.php\/2023\/11\/17\/no-todos-recuerdan-esta-planta-en-el-alfeizar-de-la-abuela-su-valor-es-incalculable\/#primaryimage"},"thumbnailUrl":"https:\/\/recetasconencanto.com\/wp-content\/uploads\/2023\/11\/20232877_10210166324220873_1115871595977057359_o.jpg","datePublished":"2023-11-17T18:52:00+00:00","dateModified":"2023-11-17T18:52:02+00:00","breadcrumb":{"@id":"https:\/\/recetasconencanto.com\/index.php\/2023\/11\/17\/no-todos-recuerdan-esta-planta-en-el-alfeizar-de-la-abuela-su-valor-es-incalculable\/#breadcrumb"},"inLanguage":"en-US","potentialAction":[{"@type":"ReadAction","target":["https:\/\/recetasconencanto.com\/index.php\/2023\/11\/17\/no-todos-recuerdan-esta-planta-en-el-alfeizar-de-la-abuela-su-valor-es-incalculable\/"]}]},{"@type":"ImageObject","inLanguage":"en-US","@id":"https:\/\/recetasconencanto.com\/index.php\/2023\/11\/17\/no-todos-recuerdan-esta-planta-en-el-alfeizar-de-la-abuela-su-valor-es-incalculable\/#primaryimage","url":"https:\/\/recetasconencanto.com\/wp-content\/uploads\/2023\/11\/20232877_10210166324220873_1115871595977057359_o.jpg","contentUrl":"https:\/\/recetasconencanto.com\/wp-content\/uploads\/2023\/11\/20232877_10210166324220873_1115871595977057359_o.jpg","width":889,"height":500},{"@type":"BreadcrumbList","@id":"https:\/\/recetasconencanto.com\/index.php\/2023\/11\/17\/no-todos-recuerdan-esta-planta-en-el-alfeizar-de-la-abuela-su-valor-es-incalculable\/#breadcrumb","itemListElement":[{"@type":"ListItem","position":1,"name":"Home","item":"https:\/\/recetasconencanto.com\/"},{"@type":"ListItem","position":2,"name":"No todos recuerdan esta PLANTA en el alf\u00e9izar de la abuela: \u00a1Su valor es incalculable!"}]},{"@type":"WebSite","@id":"https:\/\/recetasconencanto.com\/#website","url":"https:\/\/recetasconencanto.com\/","name":"recetas con encanto","description":"","publisher":{"@id":"https:\/\/recetasconencanto.com\/#organization"},"potentialAction":[{"@type":"SearchAction","target":{"@type":"EntryPoint","urlTemplate":"https:\/\/recetasconencanto.com\/?s={search_term_string}"},"query-input":{"@type":"PropertyValueSpecification","valueRequired":true,"valueName":"search_term_string"}}],"inLanguage":"en-US"},{"@type":"Organization","@id":"https:\/\/recetasconencanto.com\/#organization","name":"recetas con encanto","url":"https:\/\/recetasconencanto.com\/","logo":{"@type":"ImageObject","inLanguage":"en-US","@id":"https:\/\/recetasconencanto.com\/#\/schema\/logo\/image\/","url":"https:\/\/recetasconencanto.com\/wp-content\/uploads\/2023\/12\/d5.png","contentUrl":"https:\/\/recetasconencanto.com\/wp-content\/uploads\/2023\/12\/d5.png","width":500,"height":500,"caption":"recetas con encanto"},"image":{"@id":"https:\/\/recetasconencanto.com\/#\/schema\/logo\/image\/"}},{"@type":"Person","@id":"https:\/\/recetasconencanto.com\/#\/schema\/person\/7916575b1106b37594daa6185ed1a4a1","name":"recetasconencanto","url":"https:\/\/recetasconencanto.com\/index.php\/author\/recetasconencanto\/"}]}},"_links":{"self":[{"href":"https:\/\/recetasconencanto.com\/index.php\/wp-json\/wp\/v2\/posts\/5096","targetHints":{"allow":["GET"]}}],"collection":[{"href":"https:\/\/recetasconencanto.com\/index.php\/wp-json\/wp\/v2\/posts"}],"about":[{"href":"https:\/\/recetasconencanto.com\/index.php\/wp-json\/wp\/v2\/types\/post"}],"author":[{"embeddable":true,"href":"https:\/\/recetasconencanto.com\/index.php\/wp-json\/wp\/v2\/users\/5"}],"replies":[{"embeddable":true,"href":"https:\/\/recetasconencanto.com\/index.php\/wp-json\/wp\/v2\/comments?post=5096"}],"version-history":[{"count":1,"href":"https:\/\/recetasconencanto.com\/index.php\/wp-json\/wp\/v2\/posts\/5096\/revisions"}],"predecessor-version":[{"id":5099,"href":"https:\/\/recetasconencanto.com\/index.php\/wp-json\/wp\/v2\/posts\/5096\/revisions\/5099"}],"wp:featuredmedia":[{"embeddable":true,"href":"https:\/\/recetasconencanto.com\/index.php\/wp-json\/wp\/v2\/media\/5098"}],"wp:attachment":[{"href":"https:\/\/recetasconencanto.com\/index.php\/wp-json\/wp\/v2\/media?parent=5096"}],"wp:term":[{"taxonomy":"category","embeddable":true,"href":"https:\/\/recetasconencanto.com\/index.php\/wp-json\/wp\/v2\/categories?post=5096"},{"taxonomy":"post_tag","embeddable":true,"href":"https:\/\/recetasconencanto.com\/index.php\/wp-json\/wp\/v2\/tags?post=5096"}],"curies":[{"name":"wp","href":"https:\/\/api.w.org\/{rel}","templated":true}]}}