{"id":5156,"date":"2023-11-19T22:19:11","date_gmt":"2023-11-19T22:19:11","guid":{"rendered":"https:\/\/recetasconencanto.com\/?p=5156"},"modified":"2023-11-19T22:19:13","modified_gmt":"2023-11-19T22:19:13","slug":"tarta-de-albaricoque-y-nata","status":"publish","type":"post","link":"https:\/\/recetasconencanto.com\/index.php\/2023\/11\/19\/tarta-de-albaricoque-y-nata\/","title":{"rendered":"Tarta de albaricoque y nata"},"content":{"rendered":"\n<p>He aqu\u00ed una receta sencilla y deliciosa de tarta de albaricoque y nata :<\/p>\n\n\n\n<p><strong>Ingredientes:<\/strong><\/p>\n\n\n\n<p><strong>Para la masa :<\/strong><\/p>\n\n\n\n<ul class=\"wp-block-list\">\n<li>200 g de harina<\/li>\n\n\n\n<li>100 g de mantequilla fr\u00eda cortada en dados<\/li>\n\n\n\n<li>1 pizca de sal<\/li>\n\n\n\n<li>2 cucharadas de az\u00facar<\/li>\n\n\n\n<li>3 \u00f3 4 cucharadas de agua fr\u00eda<\/li>\n<\/ul>\n\n\n\n<p><strong>Para el relleno de nata :<\/strong><\/p>\n\n\n\n<ul class=\"wp-block-list\">\n<li>200 ml de nata fresca<\/li>\n\n\n\n<li>3 cucharadas de az\u00facar<\/li>\n\n\n\n<li>2 huevos<\/li>\n\n\n\n<li>1 cucharadita de extracto de vainilla<\/li>\n<\/ul>\n\n\n\n<p><strong>Para los albaricoques :<\/strong><\/p>\n\n\n\n<ul class=\"wp-block-list\">\n<li>500 g de albaricoques deshuesados y partidos por la mitad<\/li>\n\n\n\n<li>2 cucharadas de mermelada de albaricoque (para dar brillo)<\/li>\n<\/ul>\n\n\n\n<p><strong>Instrucciones :<\/strong><\/p>\n\n\n\n<p><strong>Preparaci\u00f3n de la masa :<\/strong><\/p>\n\n\n\n<ol class=\"wp-block-list\">\n<li>Mezclar la harina, la sal y el az\u00facar en un cuenco. A\u00f1adir la mantequilla fr\u00eda y trabajar la masa con la punta de los dedos hasta obtener una textura arenosa.<\/li>\n\n\n\n<li>A\u00f1adir poco a poco agua fr\u00eda, una cucharada cada vez, hasta que la masa forme una bola.<\/li>\n\n\n\n<li>Envolver la masa en film transparente y refrigerar durante al menos 30 minutos.<\/li>\n<\/ol>\n\n\n\n<p><strong>Preparaci\u00f3n de la crema de relleno :<\/strong><\/p>\n\n\n\n<ol class=\"wp-block-list\">\n<li>En un bol, batir los huevos con el az\u00facar hasta que est\u00e9n espumosos.<\/li>\n\n\n\n<li>A\u00f1adir la cr\u00e8me fra\u00eeche y el extracto de vainilla. Mezclar bien. Reservar para m\u00e1s tarde.<\/li>\n<\/ol>\n\n\n\n<p><strong>Montaje de la tarta :<\/strong><\/p>\n\n\n\n<ol class=\"wp-block-list\">\n<li>Precalentar el horno a 180\u00b0C.<\/li>\n\n\n\n<li>Sobre una superficie de trabajo ligeramente enharinada, extender la masa en forma de c\u00edrculo y colocarla en un molde para tarta untado con mantequilla.<\/li>\n\n\n\n<li>Verter el relleno de nata sobre la base de la tarta.<\/li>\n\n\n\n<li>Disponer las mitades de albaricoque sobre la crema, con el corte hacia arriba.<\/li>\n\n\n\n<li>Introducir la tarta en el horno y hornear entre 25 y 30 minutos, o hasta que la corteza est\u00e9 dorada y la crema cuajada.<\/li>\n\n\n\n<li>Mientras se hornea la tarta, calentar ligeramente la mermelada de albaricoque en un cazo hasta que est\u00e9 l\u00edquida.<\/li>\n\n\n\n<li>Una vez que la tarta est\u00e9 fuera del horno, pincelar los albaricoques con la mermelada derretida para darles un bonito brillo.<\/li>\n\n\n\n<li>Dejar enfriar antes de cortar y servir.<\/li>\n<\/ol>\n\n\n\n<p>Esta tarta de albaricoques y nata es perfecta para aprovechar al m\u00e1ximo la temporada de albaricoques. Ofrece una combinaci\u00f3n de texturas con la suave nata y los jugosos albaricoques. S\u00edrvala tal cual o con una bola de helado de vainilla para darle un toque gourmet.<\/p>\n","protected":false},"excerpt":{"rendered":"<p>He aqu\u00ed una receta sencilla y deliciosa de tarta de albaricoque y nata : Ingredientes: Para la masa : Para el relleno de nata : Para los albaricoques : Instrucciones &#8230; <\/p>\n<p class=\"read-more-container\"><a title=\"Tarta de albaricoque y nata\" class=\"read-more button\" href=\"https:\/\/recetasconencanto.com\/index.php\/2023\/11\/19\/tarta-de-albaricoque-y-nata\/#more-5156\" aria-label=\"More on Tarta de albaricoque y nata\">Seguir leyendo<\/a><\/p>\n","protected":false},"author":2,"featured_media":5159,"comment_status":"closed","ping_status":"closed","sticky":false,"template":"","format":"standard","meta":{"footnotes":""},"categories":[1],"tags":[],"class_list":["post-5156","post","type-post","status-publish","format-standard","has-post-thumbnail","hentry","category-recetas","generate-columns","tablet-grid-50","mobile-grid-100","grid-parent","grid-50","no-featured-image-padding"],"yoast_head":"<!-- This site is optimized with the Yoast SEO Premium plugin v20.5 (Yoast SEO v27.5) - https:\/\/yoast.com\/product\/yoast-seo-premium-wordpress\/ -->\n<title>Tarta de albaricoque y nata - recetas con encanto<\/title>\n<meta name=\"robots\" content=\"index, follow, max-snippet:-1, max-image-preview:large, max-video-preview:-1\" \/>\n<link rel=\"canonical\" href=\"https:\/\/recetasconencanto.com\/index.php\/2023\/11\/19\/tarta-de-albaricoque-y-nata\/\" \/>\n<meta property=\"og:locale\" content=\"en_US\" \/>\n<meta property=\"og:type\" content=\"article\" \/>\n<meta property=\"og:title\" content=\"Tarta de albaricoque y nata\" \/>\n<meta property=\"og:description\" content=\"He aqu\u00ed una receta sencilla y deliciosa de tarta de albaricoque y nata : Ingredientes: Para la masa : Para el relleno de nata : Para los albaricoques : Instrucciones ... Seguir leyendo\" \/>\n<meta property=\"og:url\" content=\"https:\/\/recetasconencanto.com\/index.php\/2023\/11\/19\/tarta-de-albaricoque-y-nata\/\" \/>\n<meta property=\"og:site_name\" content=\"recetas con encanto\" \/>\n<meta property=\"article:published_time\" content=\"2023-11-19T22:19:11+00:00\" \/>\n<meta property=\"article:modified_time\" content=\"2023-11-19T22:19:13+00:00\" \/>\n<meta property=\"og:image\" content=\"http:\/\/recetasconencanto.com\/wp-content\/uploads\/2023\/11\/2-8.jpg\" \/>\n\t<meta property=\"og:image:width\" content=\"579\" \/>\n\t<meta property=\"og:image:height\" content=\"500\" \/>\n\t<meta property=\"og:image:type\" content=\"image\/jpeg\" \/>\n<meta name=\"author\" content=\"maner\" \/>\n<meta name=\"twitter:card\" content=\"summary_large_image\" \/>\n<meta name=\"twitter:label1\" content=\"Written by\" \/>\n\t<meta name=\"twitter:data1\" content=\"maner\" \/>\n\t<meta name=\"twitter:label2\" content=\"Est. reading time\" \/>\n\t<meta name=\"twitter:data2\" content=\"2 minutes\" \/>\n<script type=\"application\/ld+json\" class=\"yoast-schema-graph\">{\"@context\":\"https:\\\/\\\/schema.org\",\"@graph\":[{\"@type\":\"Article\",\"@id\":\"https:\\\/\\\/recetasconencanto.com\\\/index.php\\\/2023\\\/11\\\/19\\\/tarta-de-albaricoque-y-nata\\\/#article\",\"isPartOf\":{\"@id\":\"https:\\\/\\\/recetasconencanto.com\\\/index.php\\\/2023\\\/11\\\/19\\\/tarta-de-albaricoque-y-nata\\\/\"},\"author\":{\"name\":\"maner\",\"@id\":\"https:\\\/\\\/recetasconencanto.com\\\/#\\\/schema\\\/person\\\/cc0604943b6ae325f196a6dd57e8acf5\"},\"headline\":\"Tarta de albaricoque y nata\",\"datePublished\":\"2023-11-19T22:19:11+00:00\",\"dateModified\":\"2023-11-19T22:19:13+00:00\",\"mainEntityOfPage\":{\"@id\":\"https:\\\/\\\/recetasconencanto.com\\\/index.php\\\/2023\\\/11\\\/19\\\/tarta-de-albaricoque-y-nata\\\/\"},\"wordCount\":370,\"publisher\":{\"@id\":\"https:\\\/\\\/recetasconencanto.com\\\/#organization\"},\"image\":{\"@id\":\"https:\\\/\\\/recetasconencanto.com\\\/index.php\\\/2023\\\/11\\\/19\\\/tarta-de-albaricoque-y-nata\\\/#primaryimage\"},\"thumbnailUrl\":\"https:\\\/\\\/recetasconencanto.com\\\/wp-content\\\/uploads\\\/2023\\\/11\\\/2-8.jpg\",\"articleSection\":[\"recetas\"],\"inLanguage\":\"en-US\"},{\"@type\":\"WebPage\",\"@id\":\"https:\\\/\\\/recetasconencanto.com\\\/index.php\\\/2023\\\/11\\\/19\\\/tarta-de-albaricoque-y-nata\\\/\",\"url\":\"https:\\\/\\\/recetasconencanto.com\\\/index.php\\\/2023\\\/11\\\/19\\\/tarta-de-albaricoque-y-nata\\\/\",\"name\":\"Tarta de albaricoque y nata - recetas con encanto\",\"isPartOf\":{\"@id\":\"https:\\\/\\\/recetasconencanto.com\\\/#website\"},\"primaryImageOfPage\":{\"@id\":\"https:\\\/\\\/recetasconencanto.com\\\/index.php\\\/2023\\\/11\\\/19\\\/tarta-de-albaricoque-y-nata\\\/#primaryimage\"},\"image\":{\"@id\":\"https:\\\/\\\/recetasconencanto.com\\\/index.php\\\/2023\\\/11\\\/19\\\/tarta-de-albaricoque-y-nata\\\/#primaryimage\"},\"thumbnailUrl\":\"https:\\\/\\\/recetasconencanto.com\\\/wp-content\\\/uploads\\\/2023\\\/11\\\/2-8.jpg\",\"datePublished\":\"2023-11-19T22:19:11+00:00\",\"dateModified\":\"2023-11-19T22:19:13+00:00\",\"breadcrumb\":{\"@id\":\"https:\\\/\\\/recetasconencanto.com\\\/index.php\\\/2023\\\/11\\\/19\\\/tarta-de-albaricoque-y-nata\\\/#breadcrumb\"},\"inLanguage\":\"en-US\",\"potentialAction\":[{\"@type\":\"ReadAction\",\"target\":[\"https:\\\/\\\/recetasconencanto.com\\\/index.php\\\/2023\\\/11\\\/19\\\/tarta-de-albaricoque-y-nata\\\/\"]}]},{\"@type\":\"ImageObject\",\"inLanguage\":\"en-US\",\"@id\":\"https:\\\/\\\/recetasconencanto.com\\\/index.php\\\/2023\\\/11\\\/19\\\/tarta-de-albaricoque-y-nata\\\/#primaryimage\",\"url\":\"https:\\\/\\\/recetasconencanto.com\\\/wp-content\\\/uploads\\\/2023\\\/11\\\/2-8.jpg\",\"contentUrl\":\"https:\\\/\\\/recetasconencanto.com\\\/wp-content\\\/uploads\\\/2023\\\/11\\\/2-8.jpg\",\"width\":579,\"height\":500},{\"@type\":\"BreadcrumbList\",\"@id\":\"https:\\\/\\\/recetasconencanto.com\\\/index.php\\\/2023\\\/11\\\/19\\\/tarta-de-albaricoque-y-nata\\\/#breadcrumb\",\"itemListElement\":[{\"@type\":\"ListItem\",\"position\":1,\"name\":\"Home\",\"item\":\"https:\\\/\\\/recetasconencanto.com\\\/\"},{\"@type\":\"ListItem\",\"position\":2,\"name\":\"Tarta de albaricoque y nata\"}]},{\"@type\":\"WebSite\",\"@id\":\"https:\\\/\\\/recetasconencanto.com\\\/#website\",\"url\":\"https:\\\/\\\/recetasconencanto.com\\\/\",\"name\":\"recetas con encanto\",\"description\":\"\",\"publisher\":{\"@id\":\"https:\\\/\\\/recetasconencanto.com\\\/#organization\"},\"potentialAction\":[{\"@type\":\"SearchAction\",\"target\":{\"@type\":\"EntryPoint\",\"urlTemplate\":\"https:\\\/\\\/recetasconencanto.com\\\/?s={search_term_string}\"},\"query-input\":{\"@type\":\"PropertyValueSpecification\",\"valueRequired\":true,\"valueName\":\"search_term_string\"}}],\"inLanguage\":\"en-US\"},{\"@type\":\"Organization\",\"@id\":\"https:\\\/\\\/recetasconencanto.com\\\/#organization\",\"name\":\"recetas con encanto\",\"url\":\"https:\\\/\\\/recetasconencanto.com\\\/\",\"logo\":{\"@type\":\"ImageObject\",\"inLanguage\":\"en-US\",\"@id\":\"https:\\\/\\\/recetasconencanto.com\\\/#\\\/schema\\\/logo\\\/image\\\/\",\"url\":\"https:\\\/\\\/recetasconencanto.com\\\/wp-content\\\/uploads\\\/2023\\\/12\\\/d5.png\",\"contentUrl\":\"https:\\\/\\\/recetasconencanto.com\\\/wp-content\\\/uploads\\\/2023\\\/12\\\/d5.png\",\"width\":500,\"height\":500,\"caption\":\"recetas con encanto\"},\"image\":{\"@id\":\"https:\\\/\\\/recetasconencanto.com\\\/#\\\/schema\\\/logo\\\/image\\\/\"}},{\"@type\":\"Person\",\"@id\":\"https:\\\/\\\/recetasconencanto.com\\\/#\\\/schema\\\/person\\\/cc0604943b6ae325f196a6dd57e8acf5\",\"name\":\"maner\",\"url\":\"https:\\\/\\\/recetasconencanto.com\\\/index.php\\\/author\\\/maner\\\/\"}]}<\/script>\n<!-- \/ Yoast SEO Premium plugin. -->","yoast_head_json":{"title":"Tarta de albaricoque y nata - recetas con encanto","robots":{"index":"index","follow":"follow","max-snippet":"max-snippet:-1","max-image-preview":"max-image-preview:large","max-video-preview":"max-video-preview:-1"},"canonical":"https:\/\/recetasconencanto.com\/index.php\/2023\/11\/19\/tarta-de-albaricoque-y-nata\/","og_locale":"en_US","og_type":"article","og_title":"Tarta de albaricoque y nata","og_description":"He aqu\u00ed una receta sencilla y deliciosa de tarta de albaricoque y nata : Ingredientes: Para la masa : Para el relleno de nata : Para los albaricoques : Instrucciones ... Seguir leyendo","og_url":"https:\/\/recetasconencanto.com\/index.php\/2023\/11\/19\/tarta-de-albaricoque-y-nata\/","og_site_name":"recetas con encanto","article_published_time":"2023-11-19T22:19:11+00:00","article_modified_time":"2023-11-19T22:19:13+00:00","og_image":[{"width":579,"height":500,"url":"http:\/\/recetasconencanto.com\/wp-content\/uploads\/2023\/11\/2-8.jpg","type":"image\/jpeg"}],"author":"maner","twitter_card":"summary_large_image","twitter_misc":{"Written by":"maner","Est. reading time":"2 minutes"},"schema":{"@context":"https:\/\/schema.org","@graph":[{"@type":"Article","@id":"https:\/\/recetasconencanto.com\/index.php\/2023\/11\/19\/tarta-de-albaricoque-y-nata\/#article","isPartOf":{"@id":"https:\/\/recetasconencanto.com\/index.php\/2023\/11\/19\/tarta-de-albaricoque-y-nata\/"},"author":{"name":"maner","@id":"https:\/\/recetasconencanto.com\/#\/schema\/person\/cc0604943b6ae325f196a6dd57e8acf5"},"headline":"Tarta de albaricoque y nata","datePublished":"2023-11-19T22:19:11+00:00","dateModified":"2023-11-19T22:19:13+00:00","mainEntityOfPage":{"@id":"https:\/\/recetasconencanto.com\/index.php\/2023\/11\/19\/tarta-de-albaricoque-y-nata\/"},"wordCount":370,"publisher":{"@id":"https:\/\/recetasconencanto.com\/#organization"},"image":{"@id":"https:\/\/recetasconencanto.com\/index.php\/2023\/11\/19\/tarta-de-albaricoque-y-nata\/#primaryimage"},"thumbnailUrl":"https:\/\/recetasconencanto.com\/wp-content\/uploads\/2023\/11\/2-8.jpg","articleSection":["recetas"],"inLanguage":"en-US"},{"@type":"WebPage","@id":"https:\/\/recetasconencanto.com\/index.php\/2023\/11\/19\/tarta-de-albaricoque-y-nata\/","url":"https:\/\/recetasconencanto.com\/index.php\/2023\/11\/19\/tarta-de-albaricoque-y-nata\/","name":"Tarta de albaricoque y nata - recetas con encanto","isPartOf":{"@id":"https:\/\/recetasconencanto.com\/#website"},"primaryImageOfPage":{"@id":"https:\/\/recetasconencanto.com\/index.php\/2023\/11\/19\/tarta-de-albaricoque-y-nata\/#primaryimage"},"image":{"@id":"https:\/\/recetasconencanto.com\/index.php\/2023\/11\/19\/tarta-de-albaricoque-y-nata\/#primaryimage"},"thumbnailUrl":"https:\/\/recetasconencanto.com\/wp-content\/uploads\/2023\/11\/2-8.jpg","datePublished":"2023-11-19T22:19:11+00:00","dateModified":"2023-11-19T22:19:13+00:00","breadcrumb":{"@id":"https:\/\/recetasconencanto.com\/index.php\/2023\/11\/19\/tarta-de-albaricoque-y-nata\/#breadcrumb"},"inLanguage":"en-US","potentialAction":[{"@type":"ReadAction","target":["https:\/\/recetasconencanto.com\/index.php\/2023\/11\/19\/tarta-de-albaricoque-y-nata\/"]}]},{"@type":"ImageObject","inLanguage":"en-US","@id":"https:\/\/recetasconencanto.com\/index.php\/2023\/11\/19\/tarta-de-albaricoque-y-nata\/#primaryimage","url":"https:\/\/recetasconencanto.com\/wp-content\/uploads\/2023\/11\/2-8.jpg","contentUrl":"https:\/\/recetasconencanto.com\/wp-content\/uploads\/2023\/11\/2-8.jpg","width":579,"height":500},{"@type":"BreadcrumbList","@id":"https:\/\/recetasconencanto.com\/index.php\/2023\/11\/19\/tarta-de-albaricoque-y-nata\/#breadcrumb","itemListElement":[{"@type":"ListItem","position":1,"name":"Home","item":"https:\/\/recetasconencanto.com\/"},{"@type":"ListItem","position":2,"name":"Tarta de albaricoque y nata"}]},{"@type":"WebSite","@id":"https:\/\/recetasconencanto.com\/#website","url":"https:\/\/recetasconencanto.com\/","name":"recetas con encanto","description":"","publisher":{"@id":"https:\/\/recetasconencanto.com\/#organization"},"potentialAction":[{"@type":"SearchAction","target":{"@type":"EntryPoint","urlTemplate":"https:\/\/recetasconencanto.com\/?s={search_term_string}"},"query-input":{"@type":"PropertyValueSpecification","valueRequired":true,"valueName":"search_term_string"}}],"inLanguage":"en-US"},{"@type":"Organization","@id":"https:\/\/recetasconencanto.com\/#organization","name":"recetas con encanto","url":"https:\/\/recetasconencanto.com\/","logo":{"@type":"ImageObject","inLanguage":"en-US","@id":"https:\/\/recetasconencanto.com\/#\/schema\/logo\/image\/","url":"https:\/\/recetasconencanto.com\/wp-content\/uploads\/2023\/12\/d5.png","contentUrl":"https:\/\/recetasconencanto.com\/wp-content\/uploads\/2023\/12\/d5.png","width":500,"height":500,"caption":"recetas con encanto"},"image":{"@id":"https:\/\/recetasconencanto.com\/#\/schema\/logo\/image\/"}},{"@type":"Person","@id":"https:\/\/recetasconencanto.com\/#\/schema\/person\/cc0604943b6ae325f196a6dd57e8acf5","name":"maner","url":"https:\/\/recetasconencanto.com\/index.php\/author\/maner\/"}]}},"_links":{"self":[{"href":"https:\/\/recetasconencanto.com\/index.php\/wp-json\/wp\/v2\/posts\/5156","targetHints":{"allow":["GET"]}}],"collection":[{"href":"https:\/\/recetasconencanto.com\/index.php\/wp-json\/wp\/v2\/posts"}],"about":[{"href":"https:\/\/recetasconencanto.com\/index.php\/wp-json\/wp\/v2\/types\/post"}],"author":[{"embeddable":true,"href":"https:\/\/recetasconencanto.com\/index.php\/wp-json\/wp\/v2\/users\/2"}],"replies":[{"embeddable":true,"href":"https:\/\/recetasconencanto.com\/index.php\/wp-json\/wp\/v2\/comments?post=5156"}],"version-history":[{"count":1,"href":"https:\/\/recetasconencanto.com\/index.php\/wp-json\/wp\/v2\/posts\/5156\/revisions"}],"predecessor-version":[{"id":5160,"href":"https:\/\/recetasconencanto.com\/index.php\/wp-json\/wp\/v2\/posts\/5156\/revisions\/5160"}],"wp:featuredmedia":[{"embeddable":true,"href":"https:\/\/recetasconencanto.com\/index.php\/wp-json\/wp\/v2\/media\/5159"}],"wp:attachment":[{"href":"https:\/\/recetasconencanto.com\/index.php\/wp-json\/wp\/v2\/media?parent=5156"}],"wp:term":[{"taxonomy":"category","embeddable":true,"href":"https:\/\/recetasconencanto.com\/index.php\/wp-json\/wp\/v2\/categories?post=5156"},{"taxonomy":"post_tag","embeddable":true,"href":"https:\/\/recetasconencanto.com\/index.php\/wp-json\/wp\/v2\/tags?post=5156"}],"curies":[{"name":"wp","href":"https:\/\/api.w.org\/{rel}","templated":true}]}}