{"id":5256,"date":"2023-11-24T13:00:17","date_gmt":"2023-11-24T13:00:17","guid":{"rendered":"https:\/\/recetasconencanto.com\/?p=5256"},"modified":"2023-11-24T13:00:19","modified_gmt":"2023-11-24T13:00:19","slug":"muchos-eslovacos-guardan-comida-en-el-balcon-durante-el-invierno-nunca-lo-hagan-de-esta-manera-las-consecuencias-pueden-ser-graves","status":"publish","type":"post","link":"https:\/\/recetasconencanto.com\/index.php\/2023\/11\/24\/muchos-eslovacos-guardan-comida-en-el-balcon-durante-el-invierno-nunca-lo-hagan-de-esta-manera-las-consecuencias-pueden-ser-graves\/","title":{"rendered":"Muchos eslovacos guardan comida en el balc\u00f3n durante el invierno: NUNCA lo hagan de esta manera, \u00a1las consecuencias pueden ser graves!"},"content":{"rendered":"\n<p>En Navidad solemos preparar tantos platos que no todos caben en la nevera.<\/p>\n\n\n\n<p>Muchos eslovacos, especialmente durante las Navidades, utilizan los espacios exteriores de sus apartamentos o casas como despensas de emergencia. Sin embargo, esta soluci\u00f3n no siempre es segura.<\/p>\n\n\n\n<p>\u00bfEs posible almacenar alimentos en el balc\u00f3n?<\/p>\n\n\n\n<p>\u00bfEn qu\u00e9 debemos fijarnos para que los alimentos almacenados de esta manera no se estropeen ni nos hagan da\u00f1o?<\/p>\n\n\n\n<p>Aqu\u00ed hay algunos datos importantes del portal smakosze sobre c\u00f3mo evitar que la comida en el balc\u00f3n se estropee.<\/p>\n\n\n\n<p>La nevera es el lugar principal para almacenar alimentos y platos preparados en el hogar.<\/p>\n\n\n\n<p>Manteniendo una temperatura constante de 0 a 4 \u00b0C se ralentiza el desarrollo de microorganismos y la oxidaci\u00f3n de grasas, evitando as\u00ed el deterioro de los alimentos.<\/p>\n\n\n\n<p>\u00bfEs el balc\u00f3n un reemplazo adecuado para la nevera?<\/p>\n\n\n\n<p>En oto\u00f1o e invierno, el balc\u00f3n puede funcionar como un aliado de la nevera.<\/p>\n\n\n\n<p>Por supuesto, todo depende de la temperatura exterior, as\u00ed como de la orientaci\u00f3n del balc\u00f3n.<\/p>\n\n\n\n<p>Sin embargo, es importante mencionar que el balc\u00f3n no es tan bueno como la nevera para almacenar alimentos, ya que no garantiza una temperatura estable.<\/p>\n\n\n\n<p>Y las variaciones de temperatura, incluso en rangos bajos, no son buenas para los alimentos.<\/p>\n\n\n\n<p>Estimulan la descomposici\u00f3n de los alimentos, por lo que los alimentos almacenados en el balc\u00f3n deben consumirse lo antes posible.<\/p>\n\n\n\n<p>Ser\u00eda ideal que las temperaturas se acercaran a las de la nevera o al menos no fueran superiores a 8-10 \u00b0C.<\/p>\n\n\n\n<p>A esta temperatura, una sopa cocida o carne puede durar f\u00e1cilmente un d\u00eda.<\/p>\n\n\n\n<p>Sin embargo, las temperaturas extremadamente bajas tampoco son beneficiosas para los alimentos.<\/p>\n\n\n\n<p>Cuando hace mucho fr\u00edo afuera, hay que considerar que los platos pueden congelarse.<\/p>\n\n\n\n<p>Por lo tanto, si recalientas comida congelada, no olvides consumirla de inmediato y no volver a congelarla.<\/p>\n\n\n\n<p>Los cambios bruscos de temperatura aumentan el deterioro de los alimentos.<\/p>\n\n\n\n<p>Tambi\u00e9n debes tener cuidado con el sol que brilla en tu balc\u00f3n y colocar las ollas donde no les d\u00e9 directamente el sol.<\/p>\n\n\n\n<p>\u00bfC\u00f3mo proteger la comida antes de llevarla al balc\u00f3n?<\/p>\n\n\n\n<p>La comida llevada al balc\u00f3n o terraza puede ser atractiva para p\u00e1jaros, gatos u otros animales.<\/p>\n\n\n\n<p>Si pones alimentos calientes all\u00ed, atraer\u00e1s la atenci\u00f3n de &#8220;intrusos&#8221; m\u00e1s r\u00e1pido.<\/p>\n\n\n\n<p>Por lo tanto, espera a que la comida se enfr\u00ede antes de colocarla afuera.<\/p>\n\n\n\n<p>Otra regla es que la comida debe estar protegida: cubrir la olla con una tapa no garantiza que no se contamine.<\/p>\n\n\n\n<p>Por lo tanto, la vajilla debe estar bien protegida.<\/p>\n\n\n\n<p>Lo mejor es ponerla en recipientes de pl\u00e1stico cerrados herm\u00e9ticamente.<\/p>\n\n\n\n<p>Si quieres proteger la comida en las ollas, envu\u00e9lvela con film transparente alrededor del borde entre la olla y la tapa.<\/p>\n\n\n\n<p>De esta manera, evitar\u00e1s que se caigan impurezas en la comida.<\/p>\n\n\n\n<p>Estos son los problemas m\u00e1s comunes al almacenar alimentos fuera en clima fr\u00edo:<\/p>\n\n\n\n<ul class=\"wp-block-list\">\n<li>Los alimentos congelados pueden derretirse al contacto con los rayos del sol, incluso si hace fr\u00edo afuera.<\/li>\n\n\n\n<li>Al recalentar alimentos refrigerados, pueden multiplicarse las bacterias.<\/li>\n\n\n\n<li>La temperatura del entorno var\u00eda durante el d\u00eda y no es suficiente para proteger los alimentos del deterioro.<\/li>\n\n\n\n<li>Los productos perecederos est\u00e1n expuestos a condiciones insalubres o animales. Dado que los animales transportan bacterias y otros pat\u00f3genos, no se recomienda consumir alimentos que hayan estado en contacto cercano con ellos.<\/li>\n<\/ul>\n\n\n\n<p>\u00bfSe estrope\u00f3 tu nevera durante las fiestas? No te preocupes, esto puede ayudar:<\/p>\n\n\n\n<p>Puedes aprovechar el clima fr\u00edo si tu nevera no funciona. Puede servirte perfectamente, por ejemplo, para hacer hielo.<\/p>\n\n\n\n<p>Llena cubos, botellas vac\u00edas y cartones de agua y col\u00f3calos en el balc\u00f3n o terraza. Cuando el agua se congele, pon el hielo en la nevera o el congelador y as\u00ed mant\u00e9n frescos los alimentos.<\/p>\n","protected":false},"excerpt":{"rendered":"<p>En Navidad solemos preparar tantos platos que no todos caben en la nevera. Muchos eslovacos, especialmente durante las Navidades, utilizan los espacios exteriores de sus apartamentos o casas como despensas &#8230; <\/p>\n<p class=\"read-more-container\"><a title=\"Muchos eslovacos guardan comida en el balc\u00f3n durante el invierno: NUNCA lo hagan de esta manera, \u00a1las consecuencias pueden ser graves!\" class=\"read-more button\" href=\"https:\/\/recetasconencanto.com\/index.php\/2023\/11\/24\/muchos-eslovacos-guardan-comida-en-el-balcon-durante-el-invierno-nunca-lo-hagan-de-esta-manera-las-consecuencias-pueden-ser-graves\/#more-5256\" aria-label=\"More on Muchos eslovacos guardan comida en el balc\u00f3n durante el invierno: NUNCA lo hagan de esta manera, \u00a1las consecuencias pueden ser graves!\">Seguir leyendo<\/a><\/p>\n","protected":false},"author":5,"featured_media":5258,"comment_status":"closed","ping_status":"closed","sticky":false,"template":"","format":"standard","meta":{"footnotes":""},"categories":[5],"tags":[],"class_list":["post-5256","post","type-post","status-publish","format-standard","has-post-thumbnail","hentry","category-consejos","generate-columns","tablet-grid-50","mobile-grid-100","grid-parent","grid-50","no-featured-image-padding"],"yoast_head":"<!-- This site is optimized with the Yoast SEO Premium plugin v20.5 (Yoast SEO v27.5) - https:\/\/yoast.com\/product\/yoast-seo-premium-wordpress\/ -->\n<title>Muchos eslovacos guardan comida en el balc\u00f3n durante el invierno: NUNCA lo hagan de esta manera, \u00a1las consecuencias pueden ser graves! - recetas con encanto<\/title>\n<meta name=\"robots\" content=\"index, follow, max-snippet:-1, max-image-preview:large, max-video-preview:-1\" \/>\n<link rel=\"canonical\" href=\"https:\/\/recetasconencanto.com\/index.php\/2023\/11\/24\/muchos-eslovacos-guardan-comida-en-el-balcon-durante-el-invierno-nunca-lo-hagan-de-esta-manera-las-consecuencias-pueden-ser-graves\/\" \/>\n<meta property=\"og:locale\" content=\"en_US\" \/>\n<meta property=\"og:type\" content=\"article\" \/>\n<meta property=\"og:title\" content=\"Muchos eslovacos guardan comida en el balc\u00f3n durante el invierno: NUNCA lo hagan de esta manera, \u00a1las consecuencias pueden ser graves!\" \/>\n<meta property=\"og:description\" content=\"En Navidad solemos preparar tantos platos que no todos caben en la nevera. Muchos eslovacos, especialmente durante las Navidades, utilizan los espacios exteriores de sus apartamentos o casas como despensas ... Seguir leyendo\" \/>\n<meta property=\"og:url\" content=\"https:\/\/recetasconencanto.com\/index.php\/2023\/11\/24\/muchos-eslovacos-guardan-comida-en-el-balcon-durante-el-invierno-nunca-lo-hagan-de-esta-manera-las-consecuencias-pueden-ser-graves\/\" \/>\n<meta property=\"og:site_name\" content=\"recetas con encanto\" \/>\n<meta property=\"article:published_time\" content=\"2023-11-24T13:00:17+00:00\" \/>\n<meta property=\"article:modified_time\" content=\"2023-11-24T13:00:19+00:00\" \/>\n<meta property=\"og:image\" content=\"http:\/\/recetasconencanto.com\/wp-content\/uploads\/2023\/11\/refrigerator-1132254_1280.jpg\" \/>\n\t<meta property=\"og:image:width\" content=\"750\" \/>\n\t<meta property=\"og:image:height\" content=\"500\" \/>\n\t<meta property=\"og:image:type\" content=\"image\/jpeg\" \/>\n<meta name=\"author\" content=\"recetasconencanto\" \/>\n<meta name=\"twitter:card\" content=\"summary_large_image\" \/>\n<meta name=\"twitter:label1\" content=\"Written by\" \/>\n\t<meta name=\"twitter:data1\" content=\"recetasconencanto\" \/>\n\t<meta name=\"twitter:label2\" content=\"Est. reading time\" \/>\n\t<meta name=\"twitter:data2\" content=\"3 minutes\" \/>\n<script type=\"application\/ld+json\" class=\"yoast-schema-graph\">{\"@context\":\"https:\\\/\\\/schema.org\",\"@graph\":[{\"@type\":\"Article\",\"@id\":\"https:\\\/\\\/recetasconencanto.com\\\/index.php\\\/2023\\\/11\\\/24\\\/muchos-eslovacos-guardan-comida-en-el-balcon-durante-el-invierno-nunca-lo-hagan-de-esta-manera-las-consecuencias-pueden-ser-graves\\\/#article\",\"isPartOf\":{\"@id\":\"https:\\\/\\\/recetasconencanto.com\\\/index.php\\\/2023\\\/11\\\/24\\\/muchos-eslovacos-guardan-comida-en-el-balcon-durante-el-invierno-nunca-lo-hagan-de-esta-manera-las-consecuencias-pueden-ser-graves\\\/\"},\"author\":{\"name\":\"recetasconencanto\",\"@id\":\"https:\\\/\\\/recetasconencanto.com\\\/#\\\/schema\\\/person\\\/7916575b1106b37594daa6185ed1a4a1\"},\"headline\":\"Muchos eslovacos guardan comida en el balc\u00f3n durante el invierno: NUNCA lo hagan de esta manera, \u00a1las consecuencias pueden ser graves!\",\"datePublished\":\"2023-11-24T13:00:17+00:00\",\"dateModified\":\"2023-11-24T13:00:19+00:00\",\"mainEntityOfPage\":{\"@id\":\"https:\\\/\\\/recetasconencanto.com\\\/index.php\\\/2023\\\/11\\\/24\\\/muchos-eslovacos-guardan-comida-en-el-balcon-durante-el-invierno-nunca-lo-hagan-de-esta-manera-las-consecuencias-pueden-ser-graves\\\/\"},\"wordCount\":677,\"publisher\":{\"@id\":\"https:\\\/\\\/recetasconencanto.com\\\/#organization\"},\"image\":{\"@id\":\"https:\\\/\\\/recetasconencanto.com\\\/index.php\\\/2023\\\/11\\\/24\\\/muchos-eslovacos-guardan-comida-en-el-balcon-durante-el-invierno-nunca-lo-hagan-de-esta-manera-las-consecuencias-pueden-ser-graves\\\/#primaryimage\"},\"thumbnailUrl\":\"https:\\\/\\\/recetasconencanto.com\\\/wp-content\\\/uploads\\\/2023\\\/11\\\/refrigerator-1132254_1280.jpg\",\"articleSection\":[\"consejos\"],\"inLanguage\":\"en-US\"},{\"@type\":\"WebPage\",\"@id\":\"https:\\\/\\\/recetasconencanto.com\\\/index.php\\\/2023\\\/11\\\/24\\\/muchos-eslovacos-guardan-comida-en-el-balcon-durante-el-invierno-nunca-lo-hagan-de-esta-manera-las-consecuencias-pueden-ser-graves\\\/\",\"url\":\"https:\\\/\\\/recetasconencanto.com\\\/index.php\\\/2023\\\/11\\\/24\\\/muchos-eslovacos-guardan-comida-en-el-balcon-durante-el-invierno-nunca-lo-hagan-de-esta-manera-las-consecuencias-pueden-ser-graves\\\/\",\"name\":\"Muchos eslovacos guardan comida en el balc\u00f3n durante el invierno: NUNCA lo hagan de esta manera, \u00a1las consecuencias pueden ser graves! - recetas con encanto\",\"isPartOf\":{\"@id\":\"https:\\\/\\\/recetasconencanto.com\\\/#website\"},\"primaryImageOfPage\":{\"@id\":\"https:\\\/\\\/recetasconencanto.com\\\/index.php\\\/2023\\\/11\\\/24\\\/muchos-eslovacos-guardan-comida-en-el-balcon-durante-el-invierno-nunca-lo-hagan-de-esta-manera-las-consecuencias-pueden-ser-graves\\\/#primaryimage\"},\"image\":{\"@id\":\"https:\\\/\\\/recetasconencanto.com\\\/index.php\\\/2023\\\/11\\\/24\\\/muchos-eslovacos-guardan-comida-en-el-balcon-durante-el-invierno-nunca-lo-hagan-de-esta-manera-las-consecuencias-pueden-ser-graves\\\/#primaryimage\"},\"thumbnailUrl\":\"https:\\\/\\\/recetasconencanto.com\\\/wp-content\\\/uploads\\\/2023\\\/11\\\/refrigerator-1132254_1280.jpg\",\"datePublished\":\"2023-11-24T13:00:17+00:00\",\"dateModified\":\"2023-11-24T13:00:19+00:00\",\"breadcrumb\":{\"@id\":\"https:\\\/\\\/recetasconencanto.com\\\/index.php\\\/2023\\\/11\\\/24\\\/muchos-eslovacos-guardan-comida-en-el-balcon-durante-el-invierno-nunca-lo-hagan-de-esta-manera-las-consecuencias-pueden-ser-graves\\\/#breadcrumb\"},\"inLanguage\":\"en-US\",\"potentialAction\":[{\"@type\":\"ReadAction\",\"target\":[\"https:\\\/\\\/recetasconencanto.com\\\/index.php\\\/2023\\\/11\\\/24\\\/muchos-eslovacos-guardan-comida-en-el-balcon-durante-el-invierno-nunca-lo-hagan-de-esta-manera-las-consecuencias-pueden-ser-graves\\\/\"]}]},{\"@type\":\"ImageObject\",\"inLanguage\":\"en-US\",\"@id\":\"https:\\\/\\\/recetasconencanto.com\\\/index.php\\\/2023\\\/11\\\/24\\\/muchos-eslovacos-guardan-comida-en-el-balcon-durante-el-invierno-nunca-lo-hagan-de-esta-manera-las-consecuencias-pueden-ser-graves\\\/#primaryimage\",\"url\":\"https:\\\/\\\/recetasconencanto.com\\\/wp-content\\\/uploads\\\/2023\\\/11\\\/refrigerator-1132254_1280.jpg\",\"contentUrl\":\"https:\\\/\\\/recetasconencanto.com\\\/wp-content\\\/uploads\\\/2023\\\/11\\\/refrigerator-1132254_1280.jpg\",\"width\":750,\"height\":500},{\"@type\":\"BreadcrumbList\",\"@id\":\"https:\\\/\\\/recetasconencanto.com\\\/index.php\\\/2023\\\/11\\\/24\\\/muchos-eslovacos-guardan-comida-en-el-balcon-durante-el-invierno-nunca-lo-hagan-de-esta-manera-las-consecuencias-pueden-ser-graves\\\/#breadcrumb\",\"itemListElement\":[{\"@type\":\"ListItem\",\"position\":1,\"name\":\"Home\",\"item\":\"https:\\\/\\\/recetasconencanto.com\\\/\"},{\"@type\":\"ListItem\",\"position\":2,\"name\":\"Muchos eslovacos guardan comida en el balc\u00f3n durante el invierno: NUNCA lo hagan de esta manera, \u00a1las consecuencias pueden ser graves!\"}]},{\"@type\":\"WebSite\",\"@id\":\"https:\\\/\\\/recetasconencanto.com\\\/#website\",\"url\":\"https:\\\/\\\/recetasconencanto.com\\\/\",\"name\":\"recetas con encanto\",\"description\":\"\",\"publisher\":{\"@id\":\"https:\\\/\\\/recetasconencanto.com\\\/#organization\"},\"potentialAction\":[{\"@type\":\"SearchAction\",\"target\":{\"@type\":\"EntryPoint\",\"urlTemplate\":\"https:\\\/\\\/recetasconencanto.com\\\/?s={search_term_string}\"},\"query-input\":{\"@type\":\"PropertyValueSpecification\",\"valueRequired\":true,\"valueName\":\"search_term_string\"}}],\"inLanguage\":\"en-US\"},{\"@type\":\"Organization\",\"@id\":\"https:\\\/\\\/recetasconencanto.com\\\/#organization\",\"name\":\"recetas con encanto\",\"url\":\"https:\\\/\\\/recetasconencanto.com\\\/\",\"logo\":{\"@type\":\"ImageObject\",\"inLanguage\":\"en-US\",\"@id\":\"https:\\\/\\\/recetasconencanto.com\\\/#\\\/schema\\\/logo\\\/image\\\/\",\"url\":\"https:\\\/\\\/recetasconencanto.com\\\/wp-content\\\/uploads\\\/2023\\\/12\\\/d5.png\",\"contentUrl\":\"https:\\\/\\\/recetasconencanto.com\\\/wp-content\\\/uploads\\\/2023\\\/12\\\/d5.png\",\"width\":500,\"height\":500,\"caption\":\"recetas con encanto\"},\"image\":{\"@id\":\"https:\\\/\\\/recetasconencanto.com\\\/#\\\/schema\\\/logo\\\/image\\\/\"}},{\"@type\":\"Person\",\"@id\":\"https:\\\/\\\/recetasconencanto.com\\\/#\\\/schema\\\/person\\\/7916575b1106b37594daa6185ed1a4a1\",\"name\":\"recetasconencanto\",\"url\":\"https:\\\/\\\/recetasconencanto.com\\\/index.php\\\/author\\\/recetasconencanto\\\/\"}]}<\/script>\n<!-- \/ Yoast SEO Premium plugin. -->","yoast_head_json":{"title":"Muchos eslovacos guardan comida en el balc\u00f3n durante el invierno: NUNCA lo hagan de esta manera, \u00a1las consecuencias pueden ser graves! - recetas con encanto","robots":{"index":"index","follow":"follow","max-snippet":"max-snippet:-1","max-image-preview":"max-image-preview:large","max-video-preview":"max-video-preview:-1"},"canonical":"https:\/\/recetasconencanto.com\/index.php\/2023\/11\/24\/muchos-eslovacos-guardan-comida-en-el-balcon-durante-el-invierno-nunca-lo-hagan-de-esta-manera-las-consecuencias-pueden-ser-graves\/","og_locale":"en_US","og_type":"article","og_title":"Muchos eslovacos guardan comida en el balc\u00f3n durante el invierno: NUNCA lo hagan de esta manera, \u00a1las consecuencias pueden ser graves!","og_description":"En Navidad solemos preparar tantos platos que no todos caben en la nevera. Muchos eslovacos, especialmente durante las Navidades, utilizan los espacios exteriores de sus apartamentos o casas como despensas ... Seguir leyendo","og_url":"https:\/\/recetasconencanto.com\/index.php\/2023\/11\/24\/muchos-eslovacos-guardan-comida-en-el-balcon-durante-el-invierno-nunca-lo-hagan-de-esta-manera-las-consecuencias-pueden-ser-graves\/","og_site_name":"recetas con encanto","article_published_time":"2023-11-24T13:00:17+00:00","article_modified_time":"2023-11-24T13:00:19+00:00","og_image":[{"width":750,"height":500,"url":"http:\/\/recetasconencanto.com\/wp-content\/uploads\/2023\/11\/refrigerator-1132254_1280.jpg","type":"image\/jpeg"}],"author":"recetasconencanto","twitter_card":"summary_large_image","twitter_misc":{"Written by":"recetasconencanto","Est. reading time":"3 minutes"},"schema":{"@context":"https:\/\/schema.org","@graph":[{"@type":"Article","@id":"https:\/\/recetasconencanto.com\/index.php\/2023\/11\/24\/muchos-eslovacos-guardan-comida-en-el-balcon-durante-el-invierno-nunca-lo-hagan-de-esta-manera-las-consecuencias-pueden-ser-graves\/#article","isPartOf":{"@id":"https:\/\/recetasconencanto.com\/index.php\/2023\/11\/24\/muchos-eslovacos-guardan-comida-en-el-balcon-durante-el-invierno-nunca-lo-hagan-de-esta-manera-las-consecuencias-pueden-ser-graves\/"},"author":{"name":"recetasconencanto","@id":"https:\/\/recetasconencanto.com\/#\/schema\/person\/7916575b1106b37594daa6185ed1a4a1"},"headline":"Muchos eslovacos guardan comida en el balc\u00f3n durante el invierno: NUNCA lo hagan de esta manera, \u00a1las consecuencias pueden ser graves!","datePublished":"2023-11-24T13:00:17+00:00","dateModified":"2023-11-24T13:00:19+00:00","mainEntityOfPage":{"@id":"https:\/\/recetasconencanto.com\/index.php\/2023\/11\/24\/muchos-eslovacos-guardan-comida-en-el-balcon-durante-el-invierno-nunca-lo-hagan-de-esta-manera-las-consecuencias-pueden-ser-graves\/"},"wordCount":677,"publisher":{"@id":"https:\/\/recetasconencanto.com\/#organization"},"image":{"@id":"https:\/\/recetasconencanto.com\/index.php\/2023\/11\/24\/muchos-eslovacos-guardan-comida-en-el-balcon-durante-el-invierno-nunca-lo-hagan-de-esta-manera-las-consecuencias-pueden-ser-graves\/#primaryimage"},"thumbnailUrl":"https:\/\/recetasconencanto.com\/wp-content\/uploads\/2023\/11\/refrigerator-1132254_1280.jpg","articleSection":["consejos"],"inLanguage":"en-US"},{"@type":"WebPage","@id":"https:\/\/recetasconencanto.com\/index.php\/2023\/11\/24\/muchos-eslovacos-guardan-comida-en-el-balcon-durante-el-invierno-nunca-lo-hagan-de-esta-manera-las-consecuencias-pueden-ser-graves\/","url":"https:\/\/recetasconencanto.com\/index.php\/2023\/11\/24\/muchos-eslovacos-guardan-comida-en-el-balcon-durante-el-invierno-nunca-lo-hagan-de-esta-manera-las-consecuencias-pueden-ser-graves\/","name":"Muchos eslovacos guardan comida en el balc\u00f3n durante el invierno: NUNCA lo hagan de esta manera, \u00a1las consecuencias pueden ser graves! - recetas con encanto","isPartOf":{"@id":"https:\/\/recetasconencanto.com\/#website"},"primaryImageOfPage":{"@id":"https:\/\/recetasconencanto.com\/index.php\/2023\/11\/24\/muchos-eslovacos-guardan-comida-en-el-balcon-durante-el-invierno-nunca-lo-hagan-de-esta-manera-las-consecuencias-pueden-ser-graves\/#primaryimage"},"image":{"@id":"https:\/\/recetasconencanto.com\/index.php\/2023\/11\/24\/muchos-eslovacos-guardan-comida-en-el-balcon-durante-el-invierno-nunca-lo-hagan-de-esta-manera-las-consecuencias-pueden-ser-graves\/#primaryimage"},"thumbnailUrl":"https:\/\/recetasconencanto.com\/wp-content\/uploads\/2023\/11\/refrigerator-1132254_1280.jpg","datePublished":"2023-11-24T13:00:17+00:00","dateModified":"2023-11-24T13:00:19+00:00","breadcrumb":{"@id":"https:\/\/recetasconencanto.com\/index.php\/2023\/11\/24\/muchos-eslovacos-guardan-comida-en-el-balcon-durante-el-invierno-nunca-lo-hagan-de-esta-manera-las-consecuencias-pueden-ser-graves\/#breadcrumb"},"inLanguage":"en-US","potentialAction":[{"@type":"ReadAction","target":["https:\/\/recetasconencanto.com\/index.php\/2023\/11\/24\/muchos-eslovacos-guardan-comida-en-el-balcon-durante-el-invierno-nunca-lo-hagan-de-esta-manera-las-consecuencias-pueden-ser-graves\/"]}]},{"@type":"ImageObject","inLanguage":"en-US","@id":"https:\/\/recetasconencanto.com\/index.php\/2023\/11\/24\/muchos-eslovacos-guardan-comida-en-el-balcon-durante-el-invierno-nunca-lo-hagan-de-esta-manera-las-consecuencias-pueden-ser-graves\/#primaryimage","url":"https:\/\/recetasconencanto.com\/wp-content\/uploads\/2023\/11\/refrigerator-1132254_1280.jpg","contentUrl":"https:\/\/recetasconencanto.com\/wp-content\/uploads\/2023\/11\/refrigerator-1132254_1280.jpg","width":750,"height":500},{"@type":"BreadcrumbList","@id":"https:\/\/recetasconencanto.com\/index.php\/2023\/11\/24\/muchos-eslovacos-guardan-comida-en-el-balcon-durante-el-invierno-nunca-lo-hagan-de-esta-manera-las-consecuencias-pueden-ser-graves\/#breadcrumb","itemListElement":[{"@type":"ListItem","position":1,"name":"Home","item":"https:\/\/recetasconencanto.com\/"},{"@type":"ListItem","position":2,"name":"Muchos eslovacos guardan comida en el balc\u00f3n durante el invierno: NUNCA lo hagan de esta manera, \u00a1las consecuencias pueden ser graves!"}]},{"@type":"WebSite","@id":"https:\/\/recetasconencanto.com\/#website","url":"https:\/\/recetasconencanto.com\/","name":"recetas con encanto","description":"","publisher":{"@id":"https:\/\/recetasconencanto.com\/#organization"},"potentialAction":[{"@type":"SearchAction","target":{"@type":"EntryPoint","urlTemplate":"https:\/\/recetasconencanto.com\/?s={search_term_string}"},"query-input":{"@type":"PropertyValueSpecification","valueRequired":true,"valueName":"search_term_string"}}],"inLanguage":"en-US"},{"@type":"Organization","@id":"https:\/\/recetasconencanto.com\/#organization","name":"recetas con encanto","url":"https:\/\/recetasconencanto.com\/","logo":{"@type":"ImageObject","inLanguage":"en-US","@id":"https:\/\/recetasconencanto.com\/#\/schema\/logo\/image\/","url":"https:\/\/recetasconencanto.com\/wp-content\/uploads\/2023\/12\/d5.png","contentUrl":"https:\/\/recetasconencanto.com\/wp-content\/uploads\/2023\/12\/d5.png","width":500,"height":500,"caption":"recetas con encanto"},"image":{"@id":"https:\/\/recetasconencanto.com\/#\/schema\/logo\/image\/"}},{"@type":"Person","@id":"https:\/\/recetasconencanto.com\/#\/schema\/person\/7916575b1106b37594daa6185ed1a4a1","name":"recetasconencanto","url":"https:\/\/recetasconencanto.com\/index.php\/author\/recetasconencanto\/"}]}},"_links":{"self":[{"href":"https:\/\/recetasconencanto.com\/index.php\/wp-json\/wp\/v2\/posts\/5256","targetHints":{"allow":["GET"]}}],"collection":[{"href":"https:\/\/recetasconencanto.com\/index.php\/wp-json\/wp\/v2\/posts"}],"about":[{"href":"https:\/\/recetasconencanto.com\/index.php\/wp-json\/wp\/v2\/types\/post"}],"author":[{"embeddable":true,"href":"https:\/\/recetasconencanto.com\/index.php\/wp-json\/wp\/v2\/users\/5"}],"replies":[{"embeddable":true,"href":"https:\/\/recetasconencanto.com\/index.php\/wp-json\/wp\/v2\/comments?post=5256"}],"version-history":[{"count":1,"href":"https:\/\/recetasconencanto.com\/index.php\/wp-json\/wp\/v2\/posts\/5256\/revisions"}],"predecessor-version":[{"id":5259,"href":"https:\/\/recetasconencanto.com\/index.php\/wp-json\/wp\/v2\/posts\/5256\/revisions\/5259"}],"wp:featuredmedia":[{"embeddable":true,"href":"https:\/\/recetasconencanto.com\/index.php\/wp-json\/wp\/v2\/media\/5258"}],"wp:attachment":[{"href":"https:\/\/recetasconencanto.com\/index.php\/wp-json\/wp\/v2\/media?parent=5256"}],"wp:term":[{"taxonomy":"category","embeddable":true,"href":"https:\/\/recetasconencanto.com\/index.php\/wp-json\/wp\/v2\/categories?post=5256"},{"taxonomy":"post_tag","embeddable":true,"href":"https:\/\/recetasconencanto.com\/index.php\/wp-json\/wp\/v2\/tags?post=5256"}],"curies":[{"name":"wp","href":"https:\/\/api.w.org\/{rel}","templated":true}]}}