{"id":6237,"date":"2023-12-25T14:33:23","date_gmt":"2023-12-25T14:33:23","guid":{"rendered":"https:\/\/recetasconencanto.com\/?p=6237"},"modified":"2023-12-25T14:33:25","modified_gmt":"2023-12-25T14:33:25","slug":"olvidate-de-la-calvicie-y-el-cabello-gris-este-remedio-casero-elimina-ambos-problemas","status":"publish","type":"post","link":"https:\/\/recetasconencanto.com\/index.php\/2023\/12\/25\/olvidate-de-la-calvicie-y-el-cabello-gris-este-remedio-casero-elimina-ambos-problemas\/","title":{"rendered":"\u00a1Olv\u00eddate de la calvicie y el cabello gris: \u00a1Este remedio casero elimina ambos problemas!"},"content":{"rendered":"\n<p>Una incre\u00edble mascarilla para el cabello que protege contra las canas y la ca\u00edda del pelo.<\/p>\n\n\n\n<p>Ofrece un agradable tono de color al cabello y cubre las canas sin qu\u00edmicos.<\/p>\n\n\n\n<p>Una excelente opci\u00f3n si no quieres da\u00f1ar tu cabello con tintes que lo cargan y lo debilitan.<\/p>\n\n\n\n<p>Sigue estas instrucciones del canal de YouTube &#8216;Schnelle Rezepte&#8217;.<\/p>\n\n\n\n<p>Necesitar\u00e1s: Para la mascarilla capilar 1 cucharada de granos de caf\u00e9 1 cucharada de clavos 250 ml de agua 2 cucharadas de caf\u00e9 instant\u00e1neo 1 cucharada de cacao sin az\u00facar 1 cucharada de almid\u00f3n de ma\u00edz 1 cucharada de aceite de coco 1 cucharada de aceite de oliva 1 cucharada de vinagre de manzana<\/p>\n\n\n\n<p>Para el agua capilar 1 cucharada de romero 1 cucharada de clavos 250 ml de agua<\/p>\n\n\n\n<p>Procedimiento: En un molinillo de caf\u00e9, coloca los granos de caf\u00e9 y los clavos. Mu\u00e9lelos, luego col\u00f3calos en una olla y a\u00f1ade el agua. Ponlo a calentar y deja hervir por un tiempo. Ahora, en otra olla, coloca 2 cucharadas soperas de caf\u00e9 instant\u00e1neo. A\u00f1ade una cucharada de cacao sin az\u00facar y una cucharada de almid\u00f3n de ma\u00edz. Vierte la mezcla previamente hervida, col\u00e1ndola a trav\u00e9s de un tamiz. Cocina a fuego medio mientras revuelves constantemente hasta que la mezcla espese. D\u00e9jala enfriar. Mientras la mezcla se enfr\u00eda, prepara el agua para el cabello. Coloca el romero y los clavos en una olla y agrega agua. Calienta hasta que hierva y luego cocina a fuego lento durante 5 minutos. Deja enfriar. Contin\u00faa con la preparaci\u00f3n de la mascarilla, a\u00f1adiendo aceite de coco, aceite de oliva y vinagre de manzana. Mezcla bien y transfiere a un frasco de vidrio con tapa. Gu\u00e1rdalo en el refrigerador por no m\u00e1s de 3 d\u00edas. Cuela la infusi\u00f3n de romero y clavo a trav\u00e9s de un tamiz denso y vierte en una botella con rociador. Aplica el agua en las ra\u00edces y masajea en el cuero cabelludo. Luego, aplica la mascarilla de caf\u00e9 preparada de manera uniforme en todo el cabello. Esta mezcla para te\u00f1ir es inofensiva y vers\u00e1til, por lo que los caballeros tambi\u00e9n pueden usarla sin problema en la barba. D\u00e9jala actuar y luego lava tu cabello. Gracias a este tratamiento, tendr\u00e1s un cabello sin canas y adem\u00e1s, estar\u00e1 sano y nutrido. Puedes ver todo el proceso en el video adjunto AQU\u00cd.<\/p>\n","protected":false},"excerpt":{"rendered":"<p>Una incre\u00edble mascarilla para el cabello que protege contra las canas y la ca\u00edda del pelo. Ofrece un agradable tono de color al cabello y cubre las canas sin qu\u00edmicos. &#8230; <\/p>\n<p class=\"read-more-container\"><a title=\"\u00a1Olv\u00eddate de la calvicie y el cabello gris: \u00a1Este remedio casero elimina ambos problemas!\" class=\"read-more button\" href=\"https:\/\/recetasconencanto.com\/index.php\/2023\/12\/25\/olvidate-de-la-calvicie-y-el-cabello-gris-este-remedio-casero-elimina-ambos-problemas\/#more-6237\" aria-label=\"More on \u00a1Olv\u00eddate de la calvicie y el cabello gris: \u00a1Este remedio casero elimina ambos problemas!\">Seguir leyendo<\/a><\/p>\n","protected":false},"author":5,"featured_media":6239,"comment_status":"closed","ping_status":"closed","sticky":false,"template":"","format":"standard","meta":{"footnotes":""},"categories":[5],"tags":[],"class_list":["post-6237","post","type-post","status-publish","format-standard","has-post-thumbnail","hentry","category-consejos","generate-columns","tablet-grid-50","mobile-grid-100","grid-parent","grid-50","no-featured-image-padding"],"yoast_head":"<!-- This site is optimized with the Yoast SEO Premium plugin v20.5 (Yoast SEO v27.5) - https:\/\/yoast.com\/product\/yoast-seo-premium-wordpress\/ -->\n<title>\u00a1Olv\u00eddate de la calvicie y el cabello gris: \u00a1Este remedio casero elimina ambos problemas! - recetas con encanto<\/title>\n<meta name=\"robots\" content=\"index, follow, max-snippet:-1, max-image-preview:large, max-video-preview:-1\" \/>\n<link rel=\"canonical\" href=\"https:\/\/recetasconencanto.com\/index.php\/2023\/12\/25\/olvidate-de-la-calvicie-y-el-cabello-gris-este-remedio-casero-elimina-ambos-problemas\/\" \/>\n<meta property=\"og:locale\" content=\"en_US\" \/>\n<meta property=\"og:type\" content=\"article\" \/>\n<meta property=\"og:title\" content=\"\u00a1Olv\u00eddate de la calvicie y el cabello gris: \u00a1Este remedio casero elimina ambos problemas!\" \/>\n<meta property=\"og:description\" content=\"Una incre\u00edble mascarilla para el cabello que protege contra las canas y la ca\u00edda del pelo. Ofrece un agradable tono de color al cabello y cubre las canas sin qu\u00edmicos. ... Seguir leyendo\" \/>\n<meta property=\"og:url\" content=\"https:\/\/recetasconencanto.com\/index.php\/2023\/12\/25\/olvidate-de-la-calvicie-y-el-cabello-gris-este-remedio-casero-elimina-ambos-problemas\/\" \/>\n<meta property=\"og:site_name\" content=\"recetas con encanto\" \/>\n<meta property=\"article:published_time\" content=\"2023-12-25T14:33:23+00:00\" \/>\n<meta property=\"article:modified_time\" content=\"2023-12-25T14:33:25+00:00\" \/>\n<meta property=\"og:image\" content=\"http:\/\/recetasconencanto.com\/wp-content\/uploads\/2023\/12\/coffee-beans-1291656_1280.webp\" \/>\n\t<meta property=\"og:image:width\" content=\"752\" \/>\n\t<meta property=\"og:image:height\" content=\"500\" \/>\n\t<meta property=\"og:image:type\" content=\"image\/webp\" \/>\n<meta name=\"author\" content=\"recetasconencanto\" \/>\n<meta name=\"twitter:card\" content=\"summary_large_image\" \/>\n<meta name=\"twitter:label1\" content=\"Written by\" \/>\n\t<meta name=\"twitter:data1\" content=\"recetasconencanto\" \/>\n\t<meta name=\"twitter:label2\" content=\"Est. reading time\" \/>\n\t<meta name=\"twitter:data2\" content=\"2 minutes\" \/>\n<script type=\"application\/ld+json\" class=\"yoast-schema-graph\">{\"@context\":\"https:\\\/\\\/schema.org\",\"@graph\":[{\"@type\":\"Article\",\"@id\":\"https:\\\/\\\/recetasconencanto.com\\\/index.php\\\/2023\\\/12\\\/25\\\/olvidate-de-la-calvicie-y-el-cabello-gris-este-remedio-casero-elimina-ambos-problemas\\\/#article\",\"isPartOf\":{\"@id\":\"https:\\\/\\\/recetasconencanto.com\\\/index.php\\\/2023\\\/12\\\/25\\\/olvidate-de-la-calvicie-y-el-cabello-gris-este-remedio-casero-elimina-ambos-problemas\\\/\"},\"author\":{\"name\":\"recetasconencanto\",\"@id\":\"https:\\\/\\\/recetasconencanto.com\\\/#\\\/schema\\\/person\\\/7916575b1106b37594daa6185ed1a4a1\"},\"headline\":\"\u00a1Olv\u00eddate de la calvicie y el cabello gris: \u00a1Este remedio casero elimina ambos problemas!\",\"datePublished\":\"2023-12-25T14:33:23+00:00\",\"dateModified\":\"2023-12-25T14:33:25+00:00\",\"mainEntityOfPage\":{\"@id\":\"https:\\\/\\\/recetasconencanto.com\\\/index.php\\\/2023\\\/12\\\/25\\\/olvidate-de-la-calvicie-y-el-cabello-gris-este-remedio-casero-elimina-ambos-problemas\\\/\"},\"wordCount\":422,\"publisher\":{\"@id\":\"https:\\\/\\\/recetasconencanto.com\\\/#organization\"},\"image\":{\"@id\":\"https:\\\/\\\/recetasconencanto.com\\\/index.php\\\/2023\\\/12\\\/25\\\/olvidate-de-la-calvicie-y-el-cabello-gris-este-remedio-casero-elimina-ambos-problemas\\\/#primaryimage\"},\"thumbnailUrl\":\"https:\\\/\\\/recetasconencanto.com\\\/wp-content\\\/uploads\\\/2023\\\/12\\\/coffee-beans-1291656_1280.webp\",\"articleSection\":[\"consejos\"],\"inLanguage\":\"en-US\"},{\"@type\":\"WebPage\",\"@id\":\"https:\\\/\\\/recetasconencanto.com\\\/index.php\\\/2023\\\/12\\\/25\\\/olvidate-de-la-calvicie-y-el-cabello-gris-este-remedio-casero-elimina-ambos-problemas\\\/\",\"url\":\"https:\\\/\\\/recetasconencanto.com\\\/index.php\\\/2023\\\/12\\\/25\\\/olvidate-de-la-calvicie-y-el-cabello-gris-este-remedio-casero-elimina-ambos-problemas\\\/\",\"name\":\"\u00a1Olv\u00eddate de la calvicie y el cabello gris: \u00a1Este remedio casero elimina ambos problemas! - recetas con encanto\",\"isPartOf\":{\"@id\":\"https:\\\/\\\/recetasconencanto.com\\\/#website\"},\"primaryImageOfPage\":{\"@id\":\"https:\\\/\\\/recetasconencanto.com\\\/index.php\\\/2023\\\/12\\\/25\\\/olvidate-de-la-calvicie-y-el-cabello-gris-este-remedio-casero-elimina-ambos-problemas\\\/#primaryimage\"},\"image\":{\"@id\":\"https:\\\/\\\/recetasconencanto.com\\\/index.php\\\/2023\\\/12\\\/25\\\/olvidate-de-la-calvicie-y-el-cabello-gris-este-remedio-casero-elimina-ambos-problemas\\\/#primaryimage\"},\"thumbnailUrl\":\"https:\\\/\\\/recetasconencanto.com\\\/wp-content\\\/uploads\\\/2023\\\/12\\\/coffee-beans-1291656_1280.webp\",\"datePublished\":\"2023-12-25T14:33:23+00:00\",\"dateModified\":\"2023-12-25T14:33:25+00:00\",\"breadcrumb\":{\"@id\":\"https:\\\/\\\/recetasconencanto.com\\\/index.php\\\/2023\\\/12\\\/25\\\/olvidate-de-la-calvicie-y-el-cabello-gris-este-remedio-casero-elimina-ambos-problemas\\\/#breadcrumb\"},\"inLanguage\":\"en-US\",\"potentialAction\":[{\"@type\":\"ReadAction\",\"target\":[\"https:\\\/\\\/recetasconencanto.com\\\/index.php\\\/2023\\\/12\\\/25\\\/olvidate-de-la-calvicie-y-el-cabello-gris-este-remedio-casero-elimina-ambos-problemas\\\/\"]}]},{\"@type\":\"ImageObject\",\"inLanguage\":\"en-US\",\"@id\":\"https:\\\/\\\/recetasconencanto.com\\\/index.php\\\/2023\\\/12\\\/25\\\/olvidate-de-la-calvicie-y-el-cabello-gris-este-remedio-casero-elimina-ambos-problemas\\\/#primaryimage\",\"url\":\"https:\\\/\\\/recetasconencanto.com\\\/wp-content\\\/uploads\\\/2023\\\/12\\\/coffee-beans-1291656_1280.webp\",\"contentUrl\":\"https:\\\/\\\/recetasconencanto.com\\\/wp-content\\\/uploads\\\/2023\\\/12\\\/coffee-beans-1291656_1280.webp\",\"width\":752,\"height\":500},{\"@type\":\"BreadcrumbList\",\"@id\":\"https:\\\/\\\/recetasconencanto.com\\\/index.php\\\/2023\\\/12\\\/25\\\/olvidate-de-la-calvicie-y-el-cabello-gris-este-remedio-casero-elimina-ambos-problemas\\\/#breadcrumb\",\"itemListElement\":[{\"@type\":\"ListItem\",\"position\":1,\"name\":\"Home\",\"item\":\"https:\\\/\\\/recetasconencanto.com\\\/\"},{\"@type\":\"ListItem\",\"position\":2,\"name\":\"\u00a1Olv\u00eddate de la calvicie y el cabello gris: \u00a1Este remedio casero elimina ambos problemas!\"}]},{\"@type\":\"WebSite\",\"@id\":\"https:\\\/\\\/recetasconencanto.com\\\/#website\",\"url\":\"https:\\\/\\\/recetasconencanto.com\\\/\",\"name\":\"recetas con encanto\",\"description\":\"\",\"publisher\":{\"@id\":\"https:\\\/\\\/recetasconencanto.com\\\/#organization\"},\"potentialAction\":[{\"@type\":\"SearchAction\",\"target\":{\"@type\":\"EntryPoint\",\"urlTemplate\":\"https:\\\/\\\/recetasconencanto.com\\\/?s={search_term_string}\"},\"query-input\":{\"@type\":\"PropertyValueSpecification\",\"valueRequired\":true,\"valueName\":\"search_term_string\"}}],\"inLanguage\":\"en-US\"},{\"@type\":\"Organization\",\"@id\":\"https:\\\/\\\/recetasconencanto.com\\\/#organization\",\"name\":\"recetas con encanto\",\"url\":\"https:\\\/\\\/recetasconencanto.com\\\/\",\"logo\":{\"@type\":\"ImageObject\",\"inLanguage\":\"en-US\",\"@id\":\"https:\\\/\\\/recetasconencanto.com\\\/#\\\/schema\\\/logo\\\/image\\\/\",\"url\":\"https:\\\/\\\/recetasconencanto.com\\\/wp-content\\\/uploads\\\/2023\\\/12\\\/d5.png\",\"contentUrl\":\"https:\\\/\\\/recetasconencanto.com\\\/wp-content\\\/uploads\\\/2023\\\/12\\\/d5.png\",\"width\":500,\"height\":500,\"caption\":\"recetas con encanto\"},\"image\":{\"@id\":\"https:\\\/\\\/recetasconencanto.com\\\/#\\\/schema\\\/logo\\\/image\\\/\"}},{\"@type\":\"Person\",\"@id\":\"https:\\\/\\\/recetasconencanto.com\\\/#\\\/schema\\\/person\\\/7916575b1106b37594daa6185ed1a4a1\",\"name\":\"recetasconencanto\",\"url\":\"https:\\\/\\\/recetasconencanto.com\\\/index.php\\\/author\\\/recetasconencanto\\\/\"}]}<\/script>\n<!-- \/ Yoast SEO Premium plugin. -->","yoast_head_json":{"title":"\u00a1Olv\u00eddate de la calvicie y el cabello gris: \u00a1Este remedio casero elimina ambos problemas! - recetas con encanto","robots":{"index":"index","follow":"follow","max-snippet":"max-snippet:-1","max-image-preview":"max-image-preview:large","max-video-preview":"max-video-preview:-1"},"canonical":"https:\/\/recetasconencanto.com\/index.php\/2023\/12\/25\/olvidate-de-la-calvicie-y-el-cabello-gris-este-remedio-casero-elimina-ambos-problemas\/","og_locale":"en_US","og_type":"article","og_title":"\u00a1Olv\u00eddate de la calvicie y el cabello gris: \u00a1Este remedio casero elimina ambos problemas!","og_description":"Una incre\u00edble mascarilla para el cabello que protege contra las canas y la ca\u00edda del pelo. Ofrece un agradable tono de color al cabello y cubre las canas sin qu\u00edmicos. ... Seguir leyendo","og_url":"https:\/\/recetasconencanto.com\/index.php\/2023\/12\/25\/olvidate-de-la-calvicie-y-el-cabello-gris-este-remedio-casero-elimina-ambos-problemas\/","og_site_name":"recetas con encanto","article_published_time":"2023-12-25T14:33:23+00:00","article_modified_time":"2023-12-25T14:33:25+00:00","og_image":[{"width":752,"height":500,"url":"http:\/\/recetasconencanto.com\/wp-content\/uploads\/2023\/12\/coffee-beans-1291656_1280.webp","type":"image\/webp"}],"author":"recetasconencanto","twitter_card":"summary_large_image","twitter_misc":{"Written by":"recetasconencanto","Est. reading time":"2 minutes"},"schema":{"@context":"https:\/\/schema.org","@graph":[{"@type":"Article","@id":"https:\/\/recetasconencanto.com\/index.php\/2023\/12\/25\/olvidate-de-la-calvicie-y-el-cabello-gris-este-remedio-casero-elimina-ambos-problemas\/#article","isPartOf":{"@id":"https:\/\/recetasconencanto.com\/index.php\/2023\/12\/25\/olvidate-de-la-calvicie-y-el-cabello-gris-este-remedio-casero-elimina-ambos-problemas\/"},"author":{"name":"recetasconencanto","@id":"https:\/\/recetasconencanto.com\/#\/schema\/person\/7916575b1106b37594daa6185ed1a4a1"},"headline":"\u00a1Olv\u00eddate de la calvicie y el cabello gris: \u00a1Este remedio casero elimina ambos problemas!","datePublished":"2023-12-25T14:33:23+00:00","dateModified":"2023-12-25T14:33:25+00:00","mainEntityOfPage":{"@id":"https:\/\/recetasconencanto.com\/index.php\/2023\/12\/25\/olvidate-de-la-calvicie-y-el-cabello-gris-este-remedio-casero-elimina-ambos-problemas\/"},"wordCount":422,"publisher":{"@id":"https:\/\/recetasconencanto.com\/#organization"},"image":{"@id":"https:\/\/recetasconencanto.com\/index.php\/2023\/12\/25\/olvidate-de-la-calvicie-y-el-cabello-gris-este-remedio-casero-elimina-ambos-problemas\/#primaryimage"},"thumbnailUrl":"https:\/\/recetasconencanto.com\/wp-content\/uploads\/2023\/12\/coffee-beans-1291656_1280.webp","articleSection":["consejos"],"inLanguage":"en-US"},{"@type":"WebPage","@id":"https:\/\/recetasconencanto.com\/index.php\/2023\/12\/25\/olvidate-de-la-calvicie-y-el-cabello-gris-este-remedio-casero-elimina-ambos-problemas\/","url":"https:\/\/recetasconencanto.com\/index.php\/2023\/12\/25\/olvidate-de-la-calvicie-y-el-cabello-gris-este-remedio-casero-elimina-ambos-problemas\/","name":"\u00a1Olv\u00eddate de la calvicie y el cabello gris: \u00a1Este remedio casero elimina ambos problemas! - recetas con encanto","isPartOf":{"@id":"https:\/\/recetasconencanto.com\/#website"},"primaryImageOfPage":{"@id":"https:\/\/recetasconencanto.com\/index.php\/2023\/12\/25\/olvidate-de-la-calvicie-y-el-cabello-gris-este-remedio-casero-elimina-ambos-problemas\/#primaryimage"},"image":{"@id":"https:\/\/recetasconencanto.com\/index.php\/2023\/12\/25\/olvidate-de-la-calvicie-y-el-cabello-gris-este-remedio-casero-elimina-ambos-problemas\/#primaryimage"},"thumbnailUrl":"https:\/\/recetasconencanto.com\/wp-content\/uploads\/2023\/12\/coffee-beans-1291656_1280.webp","datePublished":"2023-12-25T14:33:23+00:00","dateModified":"2023-12-25T14:33:25+00:00","breadcrumb":{"@id":"https:\/\/recetasconencanto.com\/index.php\/2023\/12\/25\/olvidate-de-la-calvicie-y-el-cabello-gris-este-remedio-casero-elimina-ambos-problemas\/#breadcrumb"},"inLanguage":"en-US","potentialAction":[{"@type":"ReadAction","target":["https:\/\/recetasconencanto.com\/index.php\/2023\/12\/25\/olvidate-de-la-calvicie-y-el-cabello-gris-este-remedio-casero-elimina-ambos-problemas\/"]}]},{"@type":"ImageObject","inLanguage":"en-US","@id":"https:\/\/recetasconencanto.com\/index.php\/2023\/12\/25\/olvidate-de-la-calvicie-y-el-cabello-gris-este-remedio-casero-elimina-ambos-problemas\/#primaryimage","url":"https:\/\/recetasconencanto.com\/wp-content\/uploads\/2023\/12\/coffee-beans-1291656_1280.webp","contentUrl":"https:\/\/recetasconencanto.com\/wp-content\/uploads\/2023\/12\/coffee-beans-1291656_1280.webp","width":752,"height":500},{"@type":"BreadcrumbList","@id":"https:\/\/recetasconencanto.com\/index.php\/2023\/12\/25\/olvidate-de-la-calvicie-y-el-cabello-gris-este-remedio-casero-elimina-ambos-problemas\/#breadcrumb","itemListElement":[{"@type":"ListItem","position":1,"name":"Home","item":"https:\/\/recetasconencanto.com\/"},{"@type":"ListItem","position":2,"name":"\u00a1Olv\u00eddate de la calvicie y el cabello gris: \u00a1Este remedio casero elimina ambos problemas!"}]},{"@type":"WebSite","@id":"https:\/\/recetasconencanto.com\/#website","url":"https:\/\/recetasconencanto.com\/","name":"recetas con encanto","description":"","publisher":{"@id":"https:\/\/recetasconencanto.com\/#organization"},"potentialAction":[{"@type":"SearchAction","target":{"@type":"EntryPoint","urlTemplate":"https:\/\/recetasconencanto.com\/?s={search_term_string}"},"query-input":{"@type":"PropertyValueSpecification","valueRequired":true,"valueName":"search_term_string"}}],"inLanguage":"en-US"},{"@type":"Organization","@id":"https:\/\/recetasconencanto.com\/#organization","name":"recetas con encanto","url":"https:\/\/recetasconencanto.com\/","logo":{"@type":"ImageObject","inLanguage":"en-US","@id":"https:\/\/recetasconencanto.com\/#\/schema\/logo\/image\/","url":"https:\/\/recetasconencanto.com\/wp-content\/uploads\/2023\/12\/d5.png","contentUrl":"https:\/\/recetasconencanto.com\/wp-content\/uploads\/2023\/12\/d5.png","width":500,"height":500,"caption":"recetas con encanto"},"image":{"@id":"https:\/\/recetasconencanto.com\/#\/schema\/logo\/image\/"}},{"@type":"Person","@id":"https:\/\/recetasconencanto.com\/#\/schema\/person\/7916575b1106b37594daa6185ed1a4a1","name":"recetasconencanto","url":"https:\/\/recetasconencanto.com\/index.php\/author\/recetasconencanto\/"}]}},"_links":{"self":[{"href":"https:\/\/recetasconencanto.com\/index.php\/wp-json\/wp\/v2\/posts\/6237","targetHints":{"allow":["GET"]}}],"collection":[{"href":"https:\/\/recetasconencanto.com\/index.php\/wp-json\/wp\/v2\/posts"}],"about":[{"href":"https:\/\/recetasconencanto.com\/index.php\/wp-json\/wp\/v2\/types\/post"}],"author":[{"embeddable":true,"href":"https:\/\/recetasconencanto.com\/index.php\/wp-json\/wp\/v2\/users\/5"}],"replies":[{"embeddable":true,"href":"https:\/\/recetasconencanto.com\/index.php\/wp-json\/wp\/v2\/comments?post=6237"}],"version-history":[{"count":1,"href":"https:\/\/recetasconencanto.com\/index.php\/wp-json\/wp\/v2\/posts\/6237\/revisions"}],"predecessor-version":[{"id":6240,"href":"https:\/\/recetasconencanto.com\/index.php\/wp-json\/wp\/v2\/posts\/6237\/revisions\/6240"}],"wp:featuredmedia":[{"embeddable":true,"href":"https:\/\/recetasconencanto.com\/index.php\/wp-json\/wp\/v2\/media\/6239"}],"wp:attachment":[{"href":"https:\/\/recetasconencanto.com\/index.php\/wp-json\/wp\/v2\/media?parent=6237"}],"wp:term":[{"taxonomy":"category","embeddable":true,"href":"https:\/\/recetasconencanto.com\/index.php\/wp-json\/wp\/v2\/categories?post=6237"},{"taxonomy":"post_tag","embeddable":true,"href":"https:\/\/recetasconencanto.com\/index.php\/wp-json\/wp\/v2\/tags?post=6237"}],"curies":[{"name":"wp","href":"https:\/\/api.w.org\/{rel}","templated":true}]}}